{"id":140759,"date":"2013-09-06T12:33:15","date_gmt":"2013-09-06T10:33:15","guid":{"rendered":"http:\/\/www.radioluna.it\/news\/?p=140759"},"modified":"2013-09-06T12:33:15","modified_gmt":"2013-09-06T10:33:15","slug":"andreoli-al-debutto-stagionale-sabato-al-palabianchini-contro-lalgeria","status":"publish","type":"post","link":"https:\/\/www.radioluna.it\/news\/2013\/09\/andreoli-al-debutto-stagionale-sabato-al-palabianchini-contro-lalgeria\/","title":{"rendered":"ANDREOLI AL DEBUTTO STAGIONALE<br> Sabato al Palabianchini contro l&#8217;Algeria"},"content":{"rendered":"<div id=\"fb-root\"><\/div>\n<div id=\"attachment_140760\" style=\"width: 310px\" class=\"wp-caption alignleft\"><a href=\"http:\/\/www.radioluna.it\/news\/wp-content\/uploads\/2013\/09\/volley-ball.jpg\"><img loading=\"lazy\" decoding=\"async\" aria-describedby=\"caption-attachment-140760\" class=\"size-medium wp-image-140760\" alt=\"Falivene presenta la squadra (foto volleyball)\" src=\"http:\/\/www.radioluna.it\/news\/wp-content\/uploads\/2013\/09\/volley-ball-300x200.jpg\" width=\"300\" height=\"200\" srcset=\"https:\/\/www.radioluna.it\/news\/wp-content\/uploads\/2013\/09\/volley-ball-300x200.jpg 300w, https:\/\/www.radioluna.it\/news\/wp-content\/uploads\/2013\/09\/volley-ball.jpg 400w\" sizes=\"auto, (max-width: 300px) 100vw, 300px\" \/><\/a><p id=\"caption-attachment-140760\" class=\"wp-caption-text\">Falivene presenta la squadra (foto volleyball)<\/p><\/div>\n<p style=\"text-align: justify;\">LATINA &#8211; L\u2019Andreoli Latina di prepara al primo debutto stagionale. Domani, sabato 7 settembre alle 18 al PalaBianchini, i pontini ospitano la nazionale dell\u2019Algeria.<\/p>\n<p style=\"text-align: justify;\" align=\"justify\">In casa Andreoli si attende con ansia la prima uscita della formazione di Roberto Santilli. &#8220;Sar\u00e0 l\u2019occasione per lo staff tecnico \u00a0&#8211; spiegano in una nota dalla societ\u00e0 &#8211; di poter provare nuovi schemi e trovare la prima amalgama di gruppo. Anche se saranno molti gli assenti: Salvatore Rossini, Peter Michalovic, Teodor Skrimov, Pieter Verhees e Jason De Rocco impegnati con le rispettive nazionali in preparazione dei Continentali. Mentre c\u2019\u00e8 il rientro di Daniele Tailli dal Mondiale Juniores&#8221;. Santilli quindi ha gli uomini contati e potrebbe schierare Sottile (Paris) in regia e Torres opposto, Gitto e Candellaro centrali, Fragkos e Noda schiacciatori, Tailli libero.<\/p>\n<p style=\"text-align: justify;\">\u00a0Gli algerini sono avanti con la preparazione, puntata alla disputa del Campionato Continentale dell\u2019Africa che si svolger\u00e0 dal 20 al 30 settembre alla Menzah Hall di Tunisi. Ma sono impegnati anche nell\u2019arduo compito di qualificarsi al Mondiale 2014. Questi gli uomini a disposizione del tecnico Sennoune Morad: Hachemi, Oumessad, Benkahoul, Soualem, Achouri (libero), Hakmi, Chikhi, Mandjoubi, Djoudi (libero), Messaoud, Fredj, Laouadi, Ould, Hosni.<\/p>\n<p style=\"text-align: justify;\" align=\"justify\">Nell\u2019amichevole con l\u2019Algeria far\u00e0 il suo esordio il nuovo scout man dell\u2019Andreoli Maurizio Cibba: \u00a0\u201cSono molto felice di affrontare questa nuova esperienza a Latina \u00a0&#8211; dichiara il giocatore &#8211; e spero di portare il mio contributo per il buon esito del campionato. Seguir\u00f2 la squadra quotidianamente, negli allenamenti, per poi dedicarmi con il campionato allo studio degli avversari . Sar\u00e0 molto impegnativo per la mole di lavoro, cercher\u00f2 di fare il meglio possibile e soddisfare le richieste dello staff tecnico\u201d.<\/p>\n<p style=\"text-align: justify;\"><b>LA CAMPAGNA ABBONAMENTI: le novit\u00e0 &#8211;\u00a0<\/b>Con lo slogan\u00a0 \u201cNoi ci saremo, e tu?\u201d continua la campagna abbonamenti per la stagione 2013-14 dell\u2019Andreoli Latina. Sottotitolo \u201cnon perdere tempo e abbonati! Solo cos\u00ec potrai scegliere il tuo posto esclusivo e vedere le partite dei tuoi campioni!\u201d<\/p>\n<p style=\"text-align: justify;\">Molte le novit\u00e0 di quest\u2019anno. La prima riguarda il biglietto unico d\u2019ingresso a 10 euro che dar\u00e0 il diritto a tutti i settori del palazzetto, tribuna mobile e tribune numerate. Unico anche l\u2019abbonamento, che da il diritto ad assistere a 10 gare di campionato, a 90 euro con la possibilit\u00e0 di riservare in anticipo il posto da cui vedere comodamente le partite. Per la fascia di et\u00e0 8-14 e gli over 65 \u00e8 previsto un abbonamento ridotto a 50 euro. Come ogni anno la societ\u00e0 si riserva una partita pro top-volley dove tutti pagheranno, compreso lo staff e la dirigenza. Sono escluse le gare di Challenge Cup e l\u2019eventuale gara di Coppa Italia il cui biglietto unico \u00e8 di 10 euro.<\/p>\n<p style=\"text-align: justify;\">Le tessere sono on vendita nella sede sociale\u00a0 di Via Don Morosini, 125 (primo piano) dalle 17 alle 19 tutti i giorni lavorativi (dal luned\u00ec al venerd\u00ec) per informazioni 0773 41.61.70 e sul sito www.top-volley.it della societ\u00e0.<\/p>\n<p style=\"text-align: justify;\"><b>Abbonamenti<\/b><\/p>\n<p style=\"text-align: justify;\">Tribuna mobile non numerata e Tribune numerate 90 euro,<\/p>\n<p style=\"text-align: justify;\">Ridotto 8 ai 14 anni (con obbligo di presentare un documento d&#8217;identit\u00e0 all\u2019ingresso) 50 euro,<\/p>\n<p style=\"text-align: justify;\">Ridotto over 65 (con obbligo di presentare un documento d&#8217;identit\u00e0 all\u2019ingresso) 50 euro<\/p>\n<p style=\"text-align: justify;\">Under 8 entrata libera<\/p>\n<p style=\"text-align: justify;\">\n","protected":false},"excerpt":{"rendered":"<p>LATINA &#8211; L\u2019Andreoli Latina di prepara al primo debutto stagionale. Domani, sabato 7 settembre alle 18 al PalaBianchini, i pontini ospitano la nazionale dell\u2019Algeria. In casa Andreoli si attende con ansia la prima uscita della formazione di Roberto Santilli. &#8220;Sar\u00e0 l\u2019occasione per lo staff tecnico \u00a0&#8211; spiegano in una nota dalla societ\u00e0 &#8211; di poter [&hellip;]<\/p>\n","protected":false},"author":62,"featured_media":140760,"comment_status":"open","ping_status":"closed","sticky":false,"template":"","format":"standard","meta":{"footnotes":""},"categories":[17],"tags":[],"class_list":["post-140759","post","type-post","status-publish","format-standard","has-post-thumbnail","hentry","category-sport"],"_links":{"self":[{"href":"https:\/\/www.radioluna.it\/news\/wp-json\/wp\/v2\/posts\/140759","targetHints":{"allow":["GET"]}}],"collection":[{"href":"https:\/\/www.radioluna.it\/news\/wp-json\/wp\/v2\/posts"}],"about":[{"href":"https:\/\/www.radioluna.it\/news\/wp-json\/wp\/v2\/types\/post"}],"author":[{"embeddable":true,"href":"https:\/\/www.radioluna.it\/news\/wp-json\/wp\/v2\/users\/62"}],"replies":[{"embeddable":true,"href":"https:\/\/www.radioluna.it\/news\/wp-json\/wp\/v2\/comments?post=140759"}],"version-history":[{"count":0,"href":"https:\/\/www.radioluna.it\/news\/wp-json\/wp\/v2\/posts\/140759\/revisions"}],"wp:featuredmedia":[{"embeddable":true,"href":"https:\/\/www.radioluna.it\/news\/wp-json\/wp\/v2\/media\/140760"}],"wp:attachment":[{"href":"https:\/\/www.radioluna.it\/news\/wp-json\/wp\/v2\/media?parent=140759"}],"wp:term":[{"taxonomy":"category","embeddable":true,"href":"https:\/\/www.radioluna.it\/news\/wp-json\/wp\/v2\/categories?post=140759"},{"taxonomy":"post_tag","embeddable":true,"href":"https:\/\/www.radioluna.it\/news\/wp-json\/wp\/v2\/tags?post=140759"}],"curies":[{"name":"wp","href":"https:\/\/api.w.org\/{rel}","templated":true}]}}