{"id":140833,"date":"2013-09-09T09:45:03","date_gmt":"2013-09-09T07:45:03","guid":{"rendered":"http:\/\/www.radioluna.it\/news\/?p=140833"},"modified":"2013-09-09T09:45:03","modified_gmt":"2013-09-09T07:45:03","slug":"poesie-in-romanesco-la-raccolta-di-marco-flammini","status":"publish","type":"post","link":"https:\/\/www.radioluna.it\/news\/2013\/09\/poesie-in-romanesco-la-raccolta-di-marco-flammini\/","title":{"rendered":"POESIE IN ROMANESCO<BR> La raccolta di Marco Flammini"},"content":{"rendered":"<div id=\"fb-root\"><\/div>\n<p style=\"text-align: justify;\"><a href=\"http:\/\/www.radioluna.it\/news\/wp-content\/uploads\/2013\/09\/copertina_agitazione_interiore.jpg\"><img loading=\"lazy\" decoding=\"async\" class=\"alignleft size-thumbnail wp-image-140834\" alt=\"copertina_agitazione_interiore\" src=\"http:\/\/www.radioluna.it\/news\/wp-content\/uploads\/2013\/09\/copertina_agitazione_interiore-150x150.jpg\" width=\"150\" height=\"150\" srcset=\"https:\/\/www.radioluna.it\/news\/wp-content\/uploads\/2013\/09\/copertina_agitazione_interiore-150x150.jpg 150w, https:\/\/www.radioluna.it\/news\/wp-content\/uploads\/2013\/09\/copertina_agitazione_interiore-80x80.jpg 80w, https:\/\/www.radioluna.it\/news\/wp-content\/uploads\/2013\/09\/copertina_agitazione_interiore-50x50.jpg 50w\" sizes=\"auto, (max-width: 150px) 100vw, 150px\" \/><\/a>LATINA &#8211; Un\u00a0libro di poesie in romanesco \u00e8 l&#8217;ultima fatica del professor Marco Flammini, docente di spagnolo al Liceo Psicopedagonico Manzoni di Latina, originario di Formia e gi\u00e0 autore di altre pubblicazioni. Il volume si intitola \u201cAgitazione interiore\u201d (\u00e8 disponibile su www.amazon.it e in altre librerie on line) e la copertina \u00e8 opera di Dante Carducci (docente di Arte e immagine della Scuola Media &#8220;Marone&#8221; di Pomezia).<\/p>\n<p style=\"text-align: justify;\">\u00a0&#8220;Il tema principale non \u00e8 pi\u00f9 l&#8217;amore (come avveniva nel primo libro) o la vita\/non vita (tema predominante del secondo) &#8211; racconta l&#8217;autore &#8211; \u00a0In questo libro i due temi si fondono, riuscendo comunque a mantenere la loro autonomia, in un percorso di conoscenza di s\u00e9 e dell&#8217;altro.<\/p>\n<p style=\"text-align: justify;\">Sono passato al romanesco \u00a0&#8211; spiega ancora Flammini &#8211; quasi per caso nel 2007. Allora era il mio terzo anno di lavoro presso la Scuola Media Marone di Pomezia (Roma) nonch\u00e9 il mio terzo anno di immersione nella lingua e cultura romana\/romanesca (che tra l&#8217;altro ho sempre adorato). Fino a luglio del 2007 avevo sempre scritto in italiano, quando una sera di fine agosto, andando a dormire, dopo una notizia ascoltata al telegiornale relativa a un clochard, mi vennero in mente delle considerazioni in romanesco..La cosa sembrava essere finita l\u00ec&#8230;e invece durante tutta la notte, quasi inconsapevolmente, da quelle considerazioni \u00e8 uscito un breve racconto poetico in romanesco&#8230;praticamente senza alcuna fatica, la mattina mi sono svegliato gi\u00e0 con la poesia pronta.. (&#8220;Racconto di fine estate&#8221;, presente sul blog http:\/\/poeti-italiani.blogspot.com) come se d&#8217;improvviso il romanesco fosse diventata quasi la mia lingua madre&#8230;Proprio in quei giorni, neanche a farlo apposta mi arriv\u00f2 una mail di un concorso di poesie in vernacolo cos\u00ec inviai la mia prima ed unica poesia scritta in vernacolo e vinsi il concorso&#8230;.Da quel giorno iniziai a scrivere in romanesco e decisi di partecipare ad un altro concorso in vernacolo, vincendo anche quello&#8230;da quel giorno in poi ogni ispirazione ed ogni poesia esce fuori direttamente in romanesco&#8221;.<\/p>\n<p style=\"text-align: justify;\">BIOGRAFIA &#8211;\u00a0Marco Flammini \u00e8 nato a Formia \u00a0il 09\/05\/1970, e, dopo aver girovagato un po\u2019, all\u2019et\u00e0 di sei anni si trasferisce a Scauri (LT), dove risiede tutt\u2019ora. Al Liceo Classico \u201cA. Nifo\u201d di Sessa Aurunca (CE) inizia a scrivere le prime poesie, delle quali non rimane traccia. Dopo aver assolto il servizio militare si iscrive alla Facolt\u00e0 di Lettere (Corso di Laurea in Lingue e Letterature Straniere) dell\u2019Universit\u00e0 di Cassino, dove si laurea, nel 1997, con la tesi dal titolo \u201cLa fortuna del romanzo gotico in Italia\u201d. Il professor Gianni Spallone, docente di Lingua e Letteratura Spagnola, in particolare con gli insegnamenti su Blas de Otero e sulla Generazione del 27 ha avuto un\u2019importanza fondamentale sull\u2019evolversi del suo modo di scrivere e di concepire la poesia. Attualmente Flammini \u00e8 docente di Spagnolo presso il Liceo Linguistico \u201cManzoni\u201d di Latina e durante il (poco) tempo libero si occupa della gestione di un blog (http:poeti-italiani.blogspot.com) su cui sono pubblicate alcune delle sue poesie. Ha\u00a0pubblicato, insieme ad altri cinque autori, una raccolta di poesie dal titolo \u201cOrme\u201d, edita dalla Edarc Edizioni, e, da solo, \u00a0altre due raccolte \u00a0intitolate \u201cPoesie?\u201d e \u201cCatartico oblio\u201d . Ha vinto il primo premio al concorso di Poesia dialettale \u201cNapoleone Vitale 2007\u201d con la poesia in vernacolo romanesco che apre la nuova \u00a0raccolta (Racconto di fine estate), nonch\u00e9 il primo premio al concorso di poesia dialettale \u201cB. Casile 2008\u201d con la poesia in vernacolo romanesco \u201cS\u2019annisconne e nun se trova\u201d. Le poesie \u201cBella Prof\u201d, \u201cEffetto Gelmini\u201d e \u201cEr becalino\u201d sono state segnalate rispettivamente nel concorso \u201cIl federiciano 2010\u201d, nel \u201cPremio Nazionale di Poesia Patrizio Graziani\u201d 2011 e nel concorso \u201cIl federiciano 2011\u201d.<\/p>\n<p style=\"text-align: justify;\">\u00a0Alcune sue poesie sono apparse anche sulla rivista internazionale di poesia \u201cPoeti e Poesia\u201d diretta dal poeta Elio Pecora.<\/p>\n","protected":false},"excerpt":{"rendered":"<p>LATINA &#8211; Un\u00a0libro di poesie in romanesco \u00e8 l&#8217;ultima fatica del professor Marco Flammini, docente di spagnolo al Liceo Psicopedagonico Manzoni di Latina, originario di Formia e gi\u00e0 autore di altre pubblicazioni. Il volume si intitola \u201cAgitazione interiore\u201d (\u00e8 disponibile su www.amazon.it e in altre librerie on line) e la copertina \u00e8 opera di Dante [&hellip;]<\/p>\n","protected":false},"author":60,"featured_media":140834,"comment_status":"open","ping_status":"closed","sticky":false,"template":"","format":"standard","meta":{"footnotes":""},"categories":[735],"tags":[],"class_list":["post-140833","post","type-post","status-publish","format-standard","has-post-thumbnail","hentry","category-attualita"],"_links":{"self":[{"href":"https:\/\/www.radioluna.it\/news\/wp-json\/wp\/v2\/posts\/140833","targetHints":{"allow":["GET"]}}],"collection":[{"href":"https:\/\/www.radioluna.it\/news\/wp-json\/wp\/v2\/posts"}],"about":[{"href":"https:\/\/www.radioluna.it\/news\/wp-json\/wp\/v2\/types\/post"}],"author":[{"embeddable":true,"href":"https:\/\/www.radioluna.it\/news\/wp-json\/wp\/v2\/users\/60"}],"replies":[{"embeddable":true,"href":"https:\/\/www.radioluna.it\/news\/wp-json\/wp\/v2\/comments?post=140833"}],"version-history":[{"count":0,"href":"https:\/\/www.radioluna.it\/news\/wp-json\/wp\/v2\/posts\/140833\/revisions"}],"wp:featuredmedia":[{"embeddable":true,"href":"https:\/\/www.radioluna.it\/news\/wp-json\/wp\/v2\/media\/140834"}],"wp:attachment":[{"href":"https:\/\/www.radioluna.it\/news\/wp-json\/wp\/v2\/media?parent=140833"}],"wp:term":[{"taxonomy":"category","embeddable":true,"href":"https:\/\/www.radioluna.it\/news\/wp-json\/wp\/v2\/categories?post=140833"},{"taxonomy":"post_tag","embeddable":true,"href":"https:\/\/www.radioluna.it\/news\/wp-json\/wp\/v2\/tags?post=140833"}],"curies":[{"name":"wp","href":"https:\/\/api.w.org\/{rel}","templated":true}]}}