{"id":140835,"date":"2013-09-09T11:05:01","date_gmt":"2013-09-09T09:05:01","guid":{"rendered":"http:\/\/www.radioluna.it\/news\/?p=140835"},"modified":"2013-09-09T21:35:53","modified_gmt":"2013-09-09T19:35:53","slug":"scuola-suona-la-prima-campanella-allo-start-82mila-alunni-tra-oggi-e-mercoledi","status":"publish","type":"post","link":"https:\/\/www.radioluna.it\/news\/2013\/09\/scuola-suona-la-prima-campanella-allo-start-82mila-alunni-tra-oggi-e-mercoledi\/","title":{"rendered":"SCUOLA, SUONA LA PRIMA CAMPANELLA<br> Allo start 82mila alunni tra oggi e mercoled\u00ec"},"content":{"rendered":"<div id=\"fb-root\"><\/div>\n<p style=\"text-align: justify;\"><a href=\"http:\/\/www.radioluna.it\/news\/wp-content\/uploads\/2011\/07\/scuola-media-aula-studenti-fotogramma-324x230.jpg\"><img loading=\"lazy\" decoding=\"async\" class=\"alignleft size-medium wp-image-106836\" alt=\"\" src=\"http:\/\/www.radioluna.it\/news\/wp-content\/uploads\/2011\/07\/scuola-media-aula-studenti-fotogramma-324x230-300x212.jpg\" width=\"300\" height=\"212\" srcset=\"https:\/\/www.radioluna.it\/news\/wp-content\/uploads\/2011\/07\/scuola-media-aula-studenti-fotogramma-324x230-300x212.jpg 300w, https:\/\/www.radioluna.it\/news\/wp-content\/uploads\/2011\/07\/scuola-media-aula-studenti-fotogramma-324x230.jpg 324w\" sizes=\"auto, (max-width: 300px) 100vw, 300px\" \/><\/a>LATINA &#8211;\u00a0E\u2019 suonata la prima campanella dell\u2019anno scolastico. Sono oltre 730mila gli studenti del Lazio, pi\u00f9 di 82.500 quelli pontini che fra oggi e mercoled\u00ec riprenderanno le lezioni, divisi tra i 26mila circa delle scuole superiori, i 25 mila e pi\u00f9 della scuola primaria, i 14 mila della scuola dell&#8217;infanzia e i 17mila delle medie.<\/p>\n<p style=\"text-align: justify;\">\u00a0Fra i primi a riprendere le lezioni a Latina, questa mattina, ci sono gli alunni delle due scuole superiori con pi\u00f9 iscritti, i licei scientifici, Majorana e Grassi, che hanno deciso di aprire subito per poi concedersi una lunghissima pausa tra Pasqua e i due ponti del 25 aprile e del primo maggio. Avvio d&#8217;anno oggi anche per l&#8217;Agrario che ha accolto le prime classi dell&#8217; \u00a0indirizzo industria e servizi per l&#8217;agricoltura e del Tecnico Chimico e Agrario, mentre domani, marted\u00ec 10 settembre, sar\u00e0 la volta delle matricole dell&#8217; Alberghiero.\u00a0Mercoled\u00ec \u00e8 invece la data scelta dal Liceo Classico e dal Liceo Psico-pedagocico Manzoni.<\/p>\n<p style=\"text-align: justify;\">Oggi saranno effettuate le nomine fino ad esaurimento dalle graduatorie di sostegno \u00a0per l\u2019area AD03 poich\u00e9 le uniche non ancora esaurite. \u201cAl termine \u00a0&#8211; spiega in una nota la Gilda &#8211; l\u2019UAT pubblicher\u00e0 il decreto di esaurimento \u00a0di tutte le graduatorie del sostegno di I e II grado, cosicch\u00e9 i dirigenti scolastici possano tempestivamente procedere nelle nomine di competenza\u201d.<\/p>\n<p style=\"text-align: justify;\">IL SALUTO DEL SINDACO \u00a0&#8211;\u00a0In occasione dell\u2019apertura del nuovo anno scolastico, il Sindaco di Latina, Giovanni Di Giorgi, come tradizione, invia un messaggio di saluto e augurio ai dirigenti delle scuole di ogni ordine e grado della citt\u00e0 di Latina e a tutte le componenti del sistema scolastico.<\/p>\n<p>Ecco il contenuto del messaggio:<\/p>\n<p>\u201cLa ripresa dell\u2019attivit\u00e0 scolastica, segnando un momento importante per tanti giovani e per le loro famiglie della nostra citt\u00e0, rappresenta un significativo aspetto della vita sociale e culturale della comunit\u00e0 di Latina, una tappa fondamentale nella crescita educativa e personale dei nostri ragazzi.<\/p>\n<p>In questa ottica l\u2019Amministrazione comunale intende rinnovare il suo impegno e sostegno al fianco delle famiglie e dei ragazzi, accompagnandoli in un percorso di crescita che \u00e8 il miglior investimento per garantire alla nostra citt\u00e0 un futuro equilibrato nel segno della formazione culturale e del senso civico.<\/p>\n<p>Questo impegno, che si concretizza anche in una sempre pi\u00f9 attenta attivit\u00e0 di gestione dei servizi e di supporto alle istituzioni scolastiche e alle famiglie, \u00e8 chiamata a fare i conti con la non facile situazione economica ma le ristrettezze di bilancio non ci hanno impedito di certo di profondere i necessari sforzi per migliorare il servizio scolastico nei suoi diversi aspetti. Va in questa direzione la garanzia di una capillare copertura del trasporto scolastico e le risorse messe a disposizione per ristrutturare e rendere sempre pi\u00f9 efficienti e funzionali i plessi scolastici e le molteplici infrastrutture ad essi legati, nel pieno rispetto della reale domanda e delle complesse e diversificate esigenze didattiche.<\/p>\n<p>L\u2019istituzione scolastica deve continuare a rappresentare fattore essenziale per la crescita culturale, scientifica e nello sviluppo dei rapporti umani, un luogo primario nella formazione dei nuovi cittadini e del libero pensiero, presidio e garanzia di trasmissione di valori e messaggi educativi e di amore civico. Una offerta formativa varia, in definitiva, capace di coinvolgere i giovani per aiutarli a formarsi innanzitutto come persone e cittadini, fornendo loro gli strumenti necessari per affrontare con responsabilit\u00e0 e competenza le strada del futuro.<\/p>\n<p>In questo difficile percorso intendiamo essere al fianco fare dei dirigenti, degli insegnanti e delle famiglie per la comune individuazione delle priorit\u00e0 su cui lavorare, in un cammino che ci ha gi\u00e0 visto raggiungere risultati importanti che ho potuto apprezzare da vicino nel corso delle mie numerose visite nelle varie scuole della citt\u00e0.<\/p>\n<p>A nome personale e dell&#8217;intera Amministrazione comunale, rivolgo il mio saluto ed augurio agli studenti, nella convinzione che sapranno essere consapevoli che la cultura e la formazione scolastica rappresentano il terreno di formazione dei rapporti sociali e delle future professionalit\u00e0, da spendere nel mondo del lavoro e nella realizzazione dei propri sogni e ambizioni.<\/p>\n<p>Rivolgo un particolare augurio di buon lavoro ai dirigenti scolastici, ai docenti e al personale amministrativo, tecnico ed ausiliario, impegnati con seriet\u00e0 e professionalit\u00e0 nella \u201cmissione\u201d fondamentale di indirizzare i nostri giovani sulla strada migliore verso un futuro ricco di soddisfazioni.<\/p>\n<p>Sono inoltre vicino alle famiglie, il cui impegno \u00e8 prezioso anello a supporto della istituzione scolastica, nella consapevolezza che questa collaborazione rappresenti un connubio importante per la crescita dei loro figli.<\/p>\n<p>Nel rivolgere a voi tutti il mio affettuoso augurio di buon anno scolastico, rinnovo la massima disponibilit\u00e0 dell\u2019intera amministrazione comunale nella crescita e sviluppo del sistema scolastico\u201d.<\/p>\n<p>Latina, 7 settembre 2013<\/p>\n<p>Avv. Giovanni Di Giorgi<\/p>\n<p>Sindaco di Latina<\/p>\n<p style=\"text-align: justify;\">GLI AUGURI DELL&#8217;ASSESSORE &#8211;<\/p>\n<p>L\u2019Assessore alla Pubblica Istruzione e Asili Nido Marilena Sovrani in occasione dell\u2019apertura delle scuole rivolge il suo augurio di Buon Anno Scolastico 13-14:<\/p>\n<p>\u201cCare ragazze e cari ragazzi,<\/p>\n<p>sta per iniziare un nuovo anno scolastico e desidero rivolgervi il mio saluto e i miei auguri, unitamente a quelli di tutta l\u2019Amministrazione Comunale, affinch\u00e8 possiate iniziare questa nuova avventura con fiducia e con la consapevolezza del ruolo fondamentale che l\u2019apprendimento e la formazione hanno nella vostra vita.<\/p>\n<p>Lo studio comporta impegno e sacrificio ma va sempre affrontato con entusiasmo in quanto \u00e8 soprattutto a scuola che si impara la comprensione e la tolleranza nei confronti degli altri, la capacit\u00e0 di lavorare insieme, la competenza per imparare a risolvere i problemi ed il desiderio di aprire nuove prospettive: per questo \u00e8 importante che vi appassionate agli studi e che vi lasciate guidare dai vostri insegnanti.<\/p>\n<p>Esprimo grande riconoscenza alla professionalit\u00e0 di tutti i docenti di ogni ordine e grado di scuola e a tutti i collaboratori che giornalmente si impegnano nel percorso educativo.<\/p>\n<p>Ai Dirigenti scolastici rivolgo un saluto particolare, perch\u00e9 sono ben consapevole delle difficolt\u00e0 in cui si trovano ad operare ogni giorno, a causa della riduzione delle risorse finanziarie a favore dell\u2019istruzione pubblica e per il recente nuovo dimensionamento scolastico.<\/p>\n<p>A loro, insieme al personale amministrativo ed ausiliario, l\u2019augurio di continuare a garantire, come hanno sempre fatto negli anni, il diritto allo studio e a concorrere alla formazione delle nuove generazioni.<\/p>\n<p>Inoltre un saluto particolare va a tutte le famiglie degli studenti affinch\u00e8 con il loro supporto possano collaborare con tutti gli operatori nell\u2019educazione dei loro figli.<\/p>\n<p>Questo Assessorato, nonostante le difficolt\u00e0 incontrate a causa del delicato momento economico che le istituzioni stanno affrontando, conferma il suo impegno a sostenere le diverse necessit\u00e0 scolastiche, in quanto ritengo doveroso dare priorit\u00e0 alla scuola e consentire ai nostri studenti di affrontare nel migliore dei modi la loro esperienza formativa, con l\u2019ausilio del Servizio P.I. a cui rivolgo i miei ringraziamenti, augurando anche a loro un buon anno scolastico.<\/p>\n<p>Buon anno di studio e di lavoro a tutti\u201d<\/p>\n<p>Assessore alla Pubblica Istruzione, Asili Nido<\/p>\n<p>Marilena Sovrani<\/p>\n<p>&nbsp;<\/p>\n<p>&nbsp;<\/p>\n<p>&nbsp;<\/p>\n<p>&nbsp;<\/p>\n<p>&nbsp;<\/p>\n<p>&nbsp;<\/p>\n","protected":false},"excerpt":{"rendered":"<p>LATINA &#8211;\u00a0E\u2019 suonata la prima campanella dell\u2019anno scolastico. Sono oltre 730mila gli studenti del Lazio, pi\u00f9 di 82.500 quelli pontini che fra oggi e mercoled\u00ec riprenderanno le lezioni, divisi tra i 26mila circa delle scuole superiori, i 25 mila e pi\u00f9 della scuola primaria, i 14 mila della scuola dell&#8217;infanzia e i 17mila delle medie. [&hellip;]<\/p>\n","protected":false},"author":62,"featured_media":106836,"comment_status":"open","ping_status":"closed","sticky":false,"template":"","format":"standard","meta":{"footnotes":""},"categories":[248],"tags":[],"class_list":["post-140835","post","type-post","status-publish","format-standard","has-post-thumbnail","hentry","category-istruzione"],"_links":{"self":[{"href":"https:\/\/www.radioluna.it\/news\/wp-json\/wp\/v2\/posts\/140835","targetHints":{"allow":["GET"]}}],"collection":[{"href":"https:\/\/www.radioluna.it\/news\/wp-json\/wp\/v2\/posts"}],"about":[{"href":"https:\/\/www.radioluna.it\/news\/wp-json\/wp\/v2\/types\/post"}],"author":[{"embeddable":true,"href":"https:\/\/www.radioluna.it\/news\/wp-json\/wp\/v2\/users\/62"}],"replies":[{"embeddable":true,"href":"https:\/\/www.radioluna.it\/news\/wp-json\/wp\/v2\/comments?post=140835"}],"version-history":[{"count":0,"href":"https:\/\/www.radioluna.it\/news\/wp-json\/wp\/v2\/posts\/140835\/revisions"}],"wp:featuredmedia":[{"embeddable":true,"href":"https:\/\/www.radioluna.it\/news\/wp-json\/wp\/v2\/media\/106836"}],"wp:attachment":[{"href":"https:\/\/www.radioluna.it\/news\/wp-json\/wp\/v2\/media?parent=140835"}],"wp:term":[{"taxonomy":"category","embeddable":true,"href":"https:\/\/www.radioluna.it\/news\/wp-json\/wp\/v2\/categories?post=140835"},{"taxonomy":"post_tag","embeddable":true,"href":"https:\/\/www.radioluna.it\/news\/wp-json\/wp\/v2\/tags?post=140835"}],"curies":[{"name":"wp","href":"https:\/\/api.w.org\/{rel}","templated":true}]}}