{"id":140859,"date":"2013-09-09T17:23:45","date_gmt":"2013-09-09T15:23:45","guid":{"rendered":"http:\/\/www.radioluna.it\/news\/?p=140859"},"modified":"2013-09-09T17:23:45","modified_gmt":"2013-09-09T15:23:45","slug":"ladri-gentili-gli-rubano-lauto-e-poi-la-riparcheggiano-nello-stesso-punto","status":"publish","type":"post","link":"https:\/\/www.radioluna.it\/news\/2013\/09\/ladri-gentili-gli-rubano-lauto-e-poi-la-riparcheggiano-nello-stesso-punto\/","title":{"rendered":"LADRI GENTILI<BR> Gli rubano l&#8217;auto e poi la riparcheggiano nello stesso punto"},"content":{"rendered":"<div id=\"fb-root\"><\/div>\n<div id=\"attachment_126094\" style=\"width: 310px\" class=\"wp-caption alignleft\"><a href=\"http:\/\/www.radioluna.it\/news\/wp-content\/uploads\/2012\/10\/Piazza-del-tribunale-con-seminatore.jpg\"><img loading=\"lazy\" decoding=\"async\" aria-describedby=\"caption-attachment-126094\" class=\"size-medium wp-image-126094\" alt=\"Tribunale\" src=\"http:\/\/www.radioluna.it\/news\/wp-content\/uploads\/2012\/10\/Piazza-del-tribunale-con-seminatore-300x224.jpg\" width=\"300\" height=\"224\" srcset=\"https:\/\/www.radioluna.it\/news\/wp-content\/uploads\/2012\/10\/Piazza-del-tribunale-con-seminatore-300x224.jpg 300w, https:\/\/www.radioluna.it\/news\/wp-content\/uploads\/2012\/10\/Piazza-del-tribunale-con-seminatore-500x375.jpg 500w, https:\/\/www.radioluna.it\/news\/wp-content\/uploads\/2012\/10\/Piazza-del-tribunale-con-seminatore.jpg 667w\" sizes=\"auto, (max-width: 300px) 100vw, 300px\" \/><\/a><p id=\"caption-attachment-126094\" class=\"wp-caption-text\">Tribunale<\/p><\/div>\n<p style=\"text-align: justify;\"><strong>LATINA &#8211;<\/strong> Gli hanno rubato l&#8217;auto in centro a Latina nella notte tra sabato e domenica, ha presentato una denuncia e questa mattina davanti al Tribunale ha ritrovato l&#8217;auto regolarmente parcheggiata. E&#8217; la singolare vicenda che ha visto come vittima Francesco Vasaturo, un avvocato penalista del capoluogo pontino che aveva presentato nei giorni scorsi una denuncia ai carabinieri di furto, la vettura una Opel Station Wagon era ferma con le chiavi inserite, all&#8217;interno mancava solo un navigatore satellitare. C&#8217;\u00e8 da aggiungere che la zona dove \u00e8 stata ritrovata l&#8217;auto \u00e8 coperta da alcune telecamere del Tribunale ma che proprio questa mattina non funzionavano a causa di un improvviso black out.<\/p>\n<p>&nbsp;<\/p>\n","protected":false},"excerpt":{"rendered":"<p>LATINA &#8211; Gli hanno rubato l&#8217;auto in centro a Latina nella notte tra sabato e domenica, ha presentato una denuncia e questa mattina davanti al Tribunale ha ritrovato l&#8217;auto regolarmente parcheggiata. E&#8217; la singolare vicenda che ha visto come vittima Francesco Vasaturo, un avvocato penalista del capoluogo pontino che aveva presentato nei giorni scorsi una [&hellip;]<\/p>\n","protected":false},"author":60,"featured_media":126094,"comment_status":"open","ping_status":"closed","sticky":false,"template":"","format":"standard","meta":{"footnotes":""},"categories":[7],"tags":[],"class_list":["post-140859","post","type-post","status-publish","format-standard","has-post-thumbnail","hentry","category-cronaca"],"_links":{"self":[{"href":"https:\/\/www.radioluna.it\/news\/wp-json\/wp\/v2\/posts\/140859","targetHints":{"allow":["GET"]}}],"collection":[{"href":"https:\/\/www.radioluna.it\/news\/wp-json\/wp\/v2\/posts"}],"about":[{"href":"https:\/\/www.radioluna.it\/news\/wp-json\/wp\/v2\/types\/post"}],"author":[{"embeddable":true,"href":"https:\/\/www.radioluna.it\/news\/wp-json\/wp\/v2\/users\/60"}],"replies":[{"embeddable":true,"href":"https:\/\/www.radioluna.it\/news\/wp-json\/wp\/v2\/comments?post=140859"}],"version-history":[{"count":0,"href":"https:\/\/www.radioluna.it\/news\/wp-json\/wp\/v2\/posts\/140859\/revisions"}],"wp:featuredmedia":[{"embeddable":true,"href":"https:\/\/www.radioluna.it\/news\/wp-json\/wp\/v2\/media\/126094"}],"wp:attachment":[{"href":"https:\/\/www.radioluna.it\/news\/wp-json\/wp\/v2\/media?parent=140859"}],"wp:term":[{"taxonomy":"category","embeddable":true,"href":"https:\/\/www.radioluna.it\/news\/wp-json\/wp\/v2\/categories?post=140859"},{"taxonomy":"post_tag","embeddable":true,"href":"https:\/\/www.radioluna.it\/news\/wp-json\/wp\/v2\/tags?post=140859"}],"curies":[{"name":"wp","href":"https:\/\/api.w.org\/{rel}","templated":true}]}}