{"id":140897,"date":"2013-09-10T12:08:04","date_gmt":"2013-09-10T10:08:04","guid":{"rendered":"http:\/\/www.radioluna.it\/news\/?p=140897"},"modified":"2013-09-10T16:38:54","modified_gmt":"2013-09-10T14:38:54","slug":"flash-grave-incidente-a-borgo-san-michele","status":"publish","type":"post","link":"https:\/\/www.radioluna.it\/news\/2013\/09\/flash-grave-incidente-a-borgo-san-michele\/","title":{"rendered":"SCONTRO TRA AUTO E AMBULANZA<BR> Feriti in Via Capograssa a S. Michele"},"content":{"rendered":"<div id=\"fb-root\"><\/div>\n<p style=\"text-align: justify;\"><a href=\"http:\/\/www.radioluna.it\/news\/wp-content\/uploads\/2013\/09\/100920134199.jpg\"><img loading=\"lazy\" decoding=\"async\" class=\"alignleft size-medium wp-image-140901\" alt=\"100920134199\" src=\"http:\/\/www.radioluna.it\/news\/wp-content\/uploads\/2013\/09\/100920134199-300x225.jpg\" width=\"300\" height=\"225\" srcset=\"https:\/\/www.radioluna.it\/news\/wp-content\/uploads\/2013\/09\/100920134199-300x225.jpg 300w, https:\/\/www.radioluna.it\/news\/wp-content\/uploads\/2013\/09\/100920134199-768x576.jpg 768w, https:\/\/www.radioluna.it\/news\/wp-content\/uploads\/2013\/09\/100920134199-500x375.jpg 500w, https:\/\/www.radioluna.it\/news\/wp-content\/uploads\/2013\/09\/100920134199-800x600.jpg 800w, https:\/\/www.radioluna.it\/news\/wp-content\/uploads\/2013\/09\/100920134199.jpg 1000w\" sizes=\"auto, (max-width: 300px) 100vw, 300px\" \/><\/a><a href=\"http:\/\/www.radioluna.it\/news\/wp-content\/uploads\/2013\/09\/100920134201.jpg\"><img loading=\"lazy\" decoding=\"async\" class=\"alignleft size-medium wp-image-140902\" alt=\"100920134201\" src=\"http:\/\/www.radioluna.it\/news\/wp-content\/uploads\/2013\/09\/100920134201-300x225.jpg\" width=\"300\" height=\"225\" srcset=\"https:\/\/www.radioluna.it\/news\/wp-content\/uploads\/2013\/09\/100920134201-300x225.jpg 300w, https:\/\/www.radioluna.it\/news\/wp-content\/uploads\/2013\/09\/100920134201-768x576.jpg 768w, https:\/\/www.radioluna.it\/news\/wp-content\/uploads\/2013\/09\/100920134201-500x375.jpg 500w, https:\/\/www.radioluna.it\/news\/wp-content\/uploads\/2013\/09\/100920134201-800x600.jpg 800w, https:\/\/www.radioluna.it\/news\/wp-content\/uploads\/2013\/09\/100920134201.jpg 1000w\" sizes=\"auto, (max-width: 300px) 100vw, 300px\" \/><\/a>LATINA &#8211;\u00a0Una donna \u00e8 rimasta ferita gravemente in un incidente avvenuto questa mattina, poco prima delle 12, su via Capograssa, a Borgo San Michele. Per cause da accertare la Ford Fiesta guidata dalla donna \u00e8 finita frontalmente contro un\u2019ambulanza e poi contro una centralina dell\u2019Enel. Nella zona la corrente \u00e8 stata ripristinata solo dopo alcune ore. La donna ferita \u00e8 ora ricoverata in gravi condizioni al Santa Maria Goretti di Latina dove \u00e8 stata trasportata con l\u2019eliambulanza. Sul posto, oltre ai sanitari, sono intervenuti anche i Vigili del fuoco e la Polizia Stradale che ha regolato anche la circolazione stradle.<\/p>\n","protected":false},"excerpt":{"rendered":"<p>LATINA &#8211;\u00a0Una donna \u00e8 rimasta ferita gravemente in un incidente avvenuto questa mattina, poco prima delle 12, su via Capograssa, a Borgo San Michele. Per cause da accertare la Ford Fiesta guidata dalla donna \u00e8 finita frontalmente contro un\u2019ambulanza e poi contro una centralina dell\u2019Enel. Nella zona la corrente \u00e8 stata ripristinata solo dopo alcune [&hellip;]<\/p>\n","protected":false},"author":62,"featured_media":140903,"comment_status":"open","ping_status":"closed","sticky":false,"template":"","format":"standard","meta":{"footnotes":""},"categories":[7],"tags":[],"class_list":["post-140897","post","type-post","status-publish","format-standard","has-post-thumbnail","hentry","category-cronaca"],"_links":{"self":[{"href":"https:\/\/www.radioluna.it\/news\/wp-json\/wp\/v2\/posts\/140897","targetHints":{"allow":["GET"]}}],"collection":[{"href":"https:\/\/www.radioluna.it\/news\/wp-json\/wp\/v2\/posts"}],"about":[{"href":"https:\/\/www.radioluna.it\/news\/wp-json\/wp\/v2\/types\/post"}],"author":[{"embeddable":true,"href":"https:\/\/www.radioluna.it\/news\/wp-json\/wp\/v2\/users\/62"}],"replies":[{"embeddable":true,"href":"https:\/\/www.radioluna.it\/news\/wp-json\/wp\/v2\/comments?post=140897"}],"version-history":[{"count":0,"href":"https:\/\/www.radioluna.it\/news\/wp-json\/wp\/v2\/posts\/140897\/revisions"}],"wp:featuredmedia":[{"embeddable":true,"href":"https:\/\/www.radioluna.it\/news\/wp-json\/wp\/v2\/media\/140903"}],"wp:attachment":[{"href":"https:\/\/www.radioluna.it\/news\/wp-json\/wp\/v2\/media?parent=140897"}],"wp:term":[{"taxonomy":"category","embeddable":true,"href":"https:\/\/www.radioluna.it\/news\/wp-json\/wp\/v2\/categories?post=140897"},{"taxonomy":"post_tag","embeddable":true,"href":"https:\/\/www.radioluna.it\/news\/wp-json\/wp\/v2\/tags?post=140897"}],"curies":[{"name":"wp","href":"https:\/\/api.w.org\/{rel}","templated":true}]}}