{"id":140913,"date":"2013-09-10T16:14:20","date_gmt":"2013-09-10T14:14:20","guid":{"rendered":"http:\/\/www.radioluna.it\/news\/?p=140913"},"modified":"2013-09-10T16:14:20","modified_gmt":"2013-09-10T14:14:20","slug":"certificalingua-al-via-il-progetto","status":"publish","type":"post","link":"https:\/\/www.radioluna.it\/news\/2013\/09\/certificalingua-al-via-il-progetto\/","title":{"rendered":"CERTIFICALINGUA<br> Al via il progetto"},"content":{"rendered":"<div id=\"fb-root\"><\/div>\n<div id=\"attachment_115317\" style=\"width: 310px\" class=\"wp-caption alignleft\"><a href=\"http:\/\/www.radioluna.it\/news\/wp-content\/uploads\/2012\/02\/uil.jpg\"><img loading=\"lazy\" decoding=\"async\" aria-describedby=\"caption-attachment-115317\" class=\"size-medium wp-image-115317\" alt=\"Uil\" src=\"http:\/\/www.radioluna.it\/news\/wp-content\/uploads\/2012\/02\/uil-300x166.jpg\" width=\"300\" height=\"166\" srcset=\"https:\/\/www.radioluna.it\/news\/wp-content\/uploads\/2012\/02\/uil-300x166.jpg 300w, https:\/\/www.radioluna.it\/news\/wp-content\/uploads\/2012\/02\/uil.jpg 421w\" sizes=\"auto, (max-width: 300px) 100vw, 300px\" \/><\/a><p id=\"caption-attachment-115317\" class=\"wp-caption-text\">Uil<\/p><\/div>\n<p style=\"text-align: justify;\"><strong>LATINA &#8211;<\/strong> L\u2019 A.I.I.L. \u2013 Associazione Integrazione Immigrati Latina, associazione di volontariato attiva ormai da anni nel campo dell\u2019integrazione degli immigrati e nella lotta all\u2019emarginazione sociale, ha dato il via al progetto (totalmente autofinanziato), denominato \u201cCERTIFICALINGUA\u201d in collaborazione con la UIL di Latina. Attraverso il progetto viene data la possibilit\u00e0 a 25 cittadini stranieri (comunitari ed extracomunitari) di seguire GRATUITAMENTE degli incontri di preparazione per il sostenimento dell\u2019esame CILS \u2013 livello A2, organizzato dall\u2019Universit\u00e0 per stranieri di Siena.<\/p>\n<p style=\"text-align: justify;\">Proprio a partire da quest\u2019anno, infatti, l\u2019 A.I.I.L. di Latina \u00e8 diventata test centre della certificazione CILS rilasciata dell\u2019Universit\u00e0 per stranieri di Siena: si tratta di un importante risultato, in quanto l\u2019associazione \u00e8 l\u2019unico centro convenzionato con l\u2019Universit\u00e0 senese presente nella provincia di Latina. L\u2019Universit\u00e0 per stranieri di Siena \u00e8 uno dei quattro enti certificatori della lingua italiana presenti sul territorio nazionale, ed \u00e8 il pi\u00f9 attivo dal punto di vista del numero di studenti coinvolti, della ricerca in ambito linguistico e della presenza capillare sul territorio. La certificazione CILS, riconosciuta a livello nazionale ed internazionale, \u00e8 composta da sei livelli (A1, A2, B1, B2, C1, C2) e segue le direttive emanate dal Quadro Comune Europeo di Riferimento per le lingue. Si tratta di una certificazione altamente professionale e molto utile, se non indispensabile, per uno straniero che voglia affacciarsi al mondo del lavoro in Italia.<\/p>\n<p style=\"text-align: justify;\">Attraverso il progetto \u201cCERTIFICALINGUA\u201d verr\u00e0 data la possibilit\u00e0 a 20 stranieri di conseguire la certificazione CILS-A2, sostenendo solo la tassa d\u2019esame dovuta all\u2019Universit\u00e0 per stranieri di Siena il cui importo \u00e8 di 40\u20ac: potranno quindi usufruire GRATUITAMENTE degli incontri di preparazione, grazie all\u2019opera di volontariato di docenti interni all\u2019associazione A.I.I.L. ed alla collaborazione della UIL di Latina. \u00abIl progetto CERTIFICALINGUA &#8211; afferma il Presidente dell\u2019A.I.I.L. Maria Gabriella Vitiello &#8211; \u00e8 un\u2019ottima occasione che l\u2019A.I.I.L. offre agli stranieri per conseguire la certificazione CILS, valido strumento di qualificazione delle competenze linguistiche, altamente spendibile nel mondo del lavoro. Bisogna sottolineare \u2013 aggiunge Vitiello &#8211; che, al di fuori del progetto, il conseguimento della certificazione ha un costo pi\u00f9 elevato, il quale in alcuni casi \u00e8 fuori dalla portata di molti lavoratori stranieri immigrati. \u00c8 per questo \u2013 aggiunge ancora Luigi Garullo Segretario Generale UIL Latina\u2013 che ci auguriamo che questo progetto pilota, possa portare all\u2019attivazione di altre iniziative simili, che in futuro possano dare riscontro a tutte quelle persone si trovano nel nostro paese, animati da spirito di operosit\u00e0\u00bb.<\/p>\n<p style=\"text-align: justify;\">Le iscrizioni all\u2019esame CILS si raccolgono ENTRO IL 18 SETTEMBRE 2013 presso la sede UIL Latina di via Villafranca s.n.c.; l\u2019esame si terr\u00e0 il giorno 25 ottobre 2013. Per ulteriori informazioni rivolgersi agli uffici UIL di Latina, telefono 0773\/663910, mail formazione@aiil.it.<\/p>\n<p>&nbsp;<\/p>\n","protected":false},"excerpt":{"rendered":"<p>LATINA &#8211; L\u2019 A.I.I.L. \u2013 Associazione Integrazione Immigrati Latina, associazione di volontariato attiva ormai da anni nel campo dell\u2019integrazione degli immigrati e nella lotta all\u2019emarginazione sociale, ha dato il via al progetto (totalmente autofinanziato), denominato \u201cCERTIFICALINGUA\u201d in collaborazione con la UIL di Latina. Attraverso il progetto viene data la possibilit\u00e0 a 25 cittadini stranieri (comunitari [&hellip;]<\/p>\n","protected":false},"author":60,"featured_media":115317,"comment_status":"open","ping_status":"closed","sticky":false,"template":"","format":"standard","meta":{"footnotes":""},"categories":[11],"tags":[],"class_list":["post-140913","post","type-post","status-publish","format-standard","has-post-thumbnail","hentry","category-economia"],"_links":{"self":[{"href":"https:\/\/www.radioluna.it\/news\/wp-json\/wp\/v2\/posts\/140913","targetHints":{"allow":["GET"]}}],"collection":[{"href":"https:\/\/www.radioluna.it\/news\/wp-json\/wp\/v2\/posts"}],"about":[{"href":"https:\/\/www.radioluna.it\/news\/wp-json\/wp\/v2\/types\/post"}],"author":[{"embeddable":true,"href":"https:\/\/www.radioluna.it\/news\/wp-json\/wp\/v2\/users\/60"}],"replies":[{"embeddable":true,"href":"https:\/\/www.radioluna.it\/news\/wp-json\/wp\/v2\/comments?post=140913"}],"version-history":[{"count":0,"href":"https:\/\/www.radioluna.it\/news\/wp-json\/wp\/v2\/posts\/140913\/revisions"}],"wp:featuredmedia":[{"embeddable":true,"href":"https:\/\/www.radioluna.it\/news\/wp-json\/wp\/v2\/media\/115317"}],"wp:attachment":[{"href":"https:\/\/www.radioluna.it\/news\/wp-json\/wp\/v2\/media?parent=140913"}],"wp:term":[{"taxonomy":"category","embeddable":true,"href":"https:\/\/www.radioluna.it\/news\/wp-json\/wp\/v2\/categories?post=140913"},{"taxonomy":"post_tag","embeddable":true,"href":"https:\/\/www.radioluna.it\/news\/wp-json\/wp\/v2\/tags?post=140913"}],"curies":[{"name":"wp","href":"https:\/\/api.w.org\/{rel}","templated":true}]}}