{"id":140917,"date":"2013-09-10T16:59:21","date_gmt":"2013-09-10T14:59:21","guid":{"rendered":"http:\/\/www.radioluna.it\/news\/?p=140917"},"modified":"2013-09-10T16:59:21","modified_gmt":"2013-09-10T14:59:21","slug":"caos-giustizia-gli-avvocati-puntano-sul-referendum","status":"publish","type":"post","link":"https:\/\/www.radioluna.it\/news\/2013\/09\/caos-giustizia-gli-avvocati-puntano-sul-referendum\/","title":{"rendered":"CAOS GIUSTIZIA<BR> Gli avvocati puntano sul referendum"},"content":{"rendered":"<div id=\"fb-root\"><\/div>\n<div style=\"text-align: justify;\"><strong><a href=\"http:\/\/www.radioluna.it\/news\/wp-content\/uploads\/2013\/09\/PICT0647.jpg\"><img loading=\"lazy\" decoding=\"async\" class=\"alignleft size-medium wp-image-140918\" alt=\"PICT0647\" src=\"http:\/\/www.radioluna.it\/news\/wp-content\/uploads\/2013\/09\/PICT0647-300x225.jpg\" width=\"300\" height=\"225\" \/><\/a>LATINA-<\/strong> A pochi giorni dall&#8217;entrata in vigore della riforma della geografia giudiziaria l&#8217;Ordine degli Avvocati di Latina nel corso di un assemblea che si \u00e8 svolta nell&#8217;aula della Corte d&#8217;Assise ha illustrato quelle che saranno le novit\u00e0 a partire dal 13 settembre quando la sezione di Gaeta sar\u00e0 accorpata a Cassino e quella di Terracina a Latina. Non sono mancate le critiche all&#8217;immobilismo della classe politica ma \u00e8 stata chiesta dal presidente dell&#8217;Ordine degli Avvocati anche maggiore partecipazione ai colleghi per questa battaglia che ormai \u00e8 definitivamente persa. Sono state votate nel corso dell&#8217;incontro due mozioni: la prima \u00e8 relativa ad un sollecito nei confronti della Regione Lazio per chiedere un referendum abrogativo della norma che annette Gaeta a Cassino e sopprime Terracina e l&#8217;altra mozione riguarda un sostegno a favore del giudice di Gaeta Carla Menichetti che aveva sollevato un profilo di legittimit\u00e0 della norma relativa al riordino della geografia giudiziaria.<\/div>\n","protected":false},"excerpt":{"rendered":"<p>LATINA- A pochi giorni dall&#8217;entrata in vigore della riforma della geografia giudiziaria l&#8217;Ordine degli Avvocati di Latina nel corso di un assemblea che si \u00e8 svolta nell&#8217;aula della Corte d&#8217;Assise ha illustrato quelle che saranno le novit\u00e0 a partire dal 13 settembre quando la sezione di Gaeta sar\u00e0 accorpata a Cassino e quella di Terracina [&hellip;]<\/p>\n","protected":false},"author":60,"featured_media":0,"comment_status":"open","ping_status":"closed","sticky":false,"template":"","format":"standard","meta":{"footnotes":""},"categories":[7],"tags":[],"class_list":["post-140917","post","type-post","status-publish","format-standard","hentry","category-cronaca"],"_links":{"self":[{"href":"https:\/\/www.radioluna.it\/news\/wp-json\/wp\/v2\/posts\/140917","targetHints":{"allow":["GET"]}}],"collection":[{"href":"https:\/\/www.radioluna.it\/news\/wp-json\/wp\/v2\/posts"}],"about":[{"href":"https:\/\/www.radioluna.it\/news\/wp-json\/wp\/v2\/types\/post"}],"author":[{"embeddable":true,"href":"https:\/\/www.radioluna.it\/news\/wp-json\/wp\/v2\/users\/60"}],"replies":[{"embeddable":true,"href":"https:\/\/www.radioluna.it\/news\/wp-json\/wp\/v2\/comments?post=140917"}],"version-history":[{"count":0,"href":"https:\/\/www.radioluna.it\/news\/wp-json\/wp\/v2\/posts\/140917\/revisions"}],"wp:attachment":[{"href":"https:\/\/www.radioluna.it\/news\/wp-json\/wp\/v2\/media?parent=140917"}],"wp:term":[{"taxonomy":"category","embeddable":true,"href":"https:\/\/www.radioluna.it\/news\/wp-json\/wp\/v2\/categories?post=140917"},{"taxonomy":"post_tag","embeddable":true,"href":"https:\/\/www.radioluna.it\/news\/wp-json\/wp\/v2\/tags?post=140917"}],"curies":[{"name":"wp","href":"https:\/\/api.w.org\/{rel}","templated":true}]}}