{"id":140924,"date":"2013-09-10T17:55:59","date_gmt":"2013-09-10T15:55:59","guid":{"rendered":"http:\/\/www.radioluna.it\/news\/?p=140924"},"modified":"2013-09-10T17:55:59","modified_gmt":"2013-09-10T15:55:59","slug":"collaborazioni-landreoli-ritrova-la-banca-popolare-del-lazio","status":"publish","type":"post","link":"https:\/\/www.radioluna.it\/news\/2013\/09\/collaborazioni-landreoli-ritrova-la-banca-popolare-del-lazio\/","title":{"rendered":"COLLABORAZIONI<BR> L&#8217;Andreoli ritrova la Banca Popolare del Lazio"},"content":{"rendered":"<div id=\"fb-root\"><\/div>\n<div id=\"attachment_132166\" style=\"width: 310px\" class=\"wp-caption alignleft\"><a href=\"http:\/\/www.radioluna.it\/news\/wp-content\/uploads\/2013\/02\/foto-andreoli.jpg\"><img loading=\"lazy\" decoding=\"async\" aria-describedby=\"caption-attachment-132166\" class=\"size-medium wp-image-132166\" alt=\"(foto Andreoli Top Volley)\" src=\"http:\/\/www.radioluna.it\/news\/wp-content\/uploads\/2013\/02\/foto-andreoli-300x202.jpg\" width=\"300\" height=\"202\" \/><\/a><p id=\"caption-attachment-132166\" class=\"wp-caption-text\">(foto Andreoli Top Volley)<\/p><\/div>\n<p style=\"text-align: justify;\"><strong>LATINA &#8211;<\/strong> Si rinnova la \u201cstorica\u201d collaborazione tra l\u2019Andreoli Latina e la Banca Popolare del Lazio. L\u2019accordo inizi\u00f2 nel primo anno di A1 della Top-Volley nella stagione 2001-02 e questa \u00e8 la tredicesima stagione nella quale a fianco della squadra pontina trova spazio la Banca con il suo slogan: \u201cla banca che ti \u00e8 pi\u00f9 vicina\u201d.<\/p>\n<p style=\"text-align: justify;\">Da quest\u2019anno la Banca ha aderito alla proposta di affiancare anche il settore giovanile, una scelta condivisa ed a sostegno di un comparto che mette in risalto il sacrificio e la passione, con un unico scopo: veder cresce sana questa la societ\u00e0, per il raggiungimento di mete ambiziose.<\/p>\n<p style=\"text-align: justify;\">Il dott. Prof Renato Mastrostefano, nella qualit\u00e0 di Presidente della Banca, a lungo anche presidente di sodalizi sportivi come la pallavolo Velletri di cui \u00e8 tra i principali fondatori, ci racconta: \u201cPer comprendere perch\u00e9 la Banca ha sempre sostenuto la pallavolo, occorre fare due riferimenti storici che testimoniano l\u2019origine della struttura associativa e la passione per tale attivit\u00e0 sportiva da parte della dirigenza della allora Banca Popolare \u201cPio X\u201d di Velletri. Infatti la struttura fu incardinata a Cori e solo successivamente venne trasferita a Latina per consentirgli un pi\u00f9 ampio riferimento di partecipazione e di pubblico. Spostamento al quale la Banca acconsent\u00ec assicurandosi che ci\u00f2 avvenisse sempre attraverso la guida di esperti dirigenti, cresciuti nell\u2019alveo della struttura Veliterna di origine\u201d.<\/p>\n<p style=\"text-align: justify;\">Al quesito di cosa significa sponsorizzare lo sport in un momento economico tanto difficile? Il Prof Mastrostefano sottolinea: \u201cLa nostra Banca, pur in una fase congiunturalmente difficoltosa, ha mantenuto la solidit\u00e0 aziendale che da molti anni la contraddistingue, determinando il raggiungimento di importanti obiettivi, non ultimo il rinnovato riconoscimento del \u2018Milano Finanza Global Award \u2013 Creatori di Valore\u2019, assegnato per essere tra le banche che hanno realizzato nell\u2019anno 2012 le migliori performance patrimoniali e di efficienza in Italia. L\u2019obiettivo \u00e8 stato raggiunto grazie al supporto di tutti gli attori in campo, non ultimi le imprese del territorio e l\u2019ambito socio-economico in cui le stesse operano; \u00e8 pertanto chiaro che, pur in un momento di attenta e controllata gestione, non pu\u00f2 mancare il supporto ad una societ\u00e0 sportiva che ha fatto e sta continuando a fare la storia della pallavolo in Italia e nel Lazio\u201d.<\/p>\n<p style=\"text-align: justify;\">GIOVEDI\u2019 AMICHEVOLE CON SORA POI IL MEMORIAL IMBIMBO<\/p>\n<p style=\"text-align: justify;\">Dopo la giornata di riposo di luned\u00ec, l\u2019Andreoli Latina ha ripreso la preparazione. Prevista una seduta in sala pesi al Palafitness al mattino e la tecnica nel pomeriggio al PalaBianchini. Gioved\u00ec \u00e8 in programma alle 16.30 un allenamento congiunto con la Globo Sora di A2 allenata da Marco Fenoglio. Si riprende venerd\u00ec con Pesi al mattino e tecnica al pomeriggio e sabato mattina ancora pesi per chiudere la settimana non prima di aver presieduto alla presentazione del libro di Giacinta Milita \u201cOsteopatia Yoga Sport\u201d che si svolger\u00e0 alle 17.00 al Teatro Ponchielli di Latina; all\u2019interno del quale sar\u00e0 esposta la rassegna fotografica \u201cUna vita per il Volley\u201d in ricordo di Roberto Rondoni. A fine mese l\u2019Andreoli sar\u00e0 impegnata nel 2\u00b0 Memorial Giancarlo Imbimbo al \u201cGiacomo del Mauro\u201d di Avellino. Il programma dell\u2019evento organizzato dalla SSD Pallavolo Atripalda prevede sabato 28 settembre alle 18 la semifinale Molfetta-Latina e domenica 29 settembre le finali del torneo.<\/p>\n<p style=\"text-align: justify;\">PROGRAMMA 2\u00b0 Memorial Giancarlo Imbimbo<\/p>\n<p style=\"text-align: justify;\">SABATO 28 SETTEMBRE:<\/p>\n<p style=\"text-align: justify;\">Ore 15.30 Gara &#8220;Gli Amici di Giancarlo&#8221;<\/p>\n<p style=\"text-align: justify;\">Ore 18.00 1\u00b0 Semifinale MOLFETTA &#8211; LATINA<\/p>\n<p style=\"text-align: justify;\">Ore 20.00 2\u00b0 Semifinale ATRIPALDA &#8211; VIBO<\/p>\n<p style=\"text-align: justify;\">DOMENICA 29 SETTEMBRE:<\/p>\n<p style=\"text-align: justify;\">Ore 17.00 Finale 3-4 posto<\/p>\n<p style=\"text-align: justify;\">Ore 19.00 Fianle 1-2 posto<\/p>\n<p>&nbsp;<\/p>\n<p>&nbsp;<\/p>\n","protected":false},"excerpt":{"rendered":"<p>LATINA &#8211; Si rinnova la \u201cstorica\u201d collaborazione tra l\u2019Andreoli Latina e la Banca Popolare del Lazio. L\u2019accordo inizi\u00f2 nel primo anno di A1 della Top-Volley nella stagione 2001-02 e questa \u00e8 la tredicesima stagione nella quale a fianco della squadra pontina trova spazio la Banca con il suo slogan: \u201cla banca che ti \u00e8 pi\u00f9 [&hellip;]<\/p>\n","protected":false},"author":60,"featured_media":132166,"comment_status":"open","ping_status":"closed","sticky":false,"template":"","format":"standard","meta":{"footnotes":""},"categories":[17],"tags":[],"class_list":["post-140924","post","type-post","status-publish","format-standard","has-post-thumbnail","hentry","category-sport"],"_links":{"self":[{"href":"https:\/\/www.radioluna.it\/news\/wp-json\/wp\/v2\/posts\/140924","targetHints":{"allow":["GET"]}}],"collection":[{"href":"https:\/\/www.radioluna.it\/news\/wp-json\/wp\/v2\/posts"}],"about":[{"href":"https:\/\/www.radioluna.it\/news\/wp-json\/wp\/v2\/types\/post"}],"author":[{"embeddable":true,"href":"https:\/\/www.radioluna.it\/news\/wp-json\/wp\/v2\/users\/60"}],"replies":[{"embeddable":true,"href":"https:\/\/www.radioluna.it\/news\/wp-json\/wp\/v2\/comments?post=140924"}],"version-history":[{"count":0,"href":"https:\/\/www.radioluna.it\/news\/wp-json\/wp\/v2\/posts\/140924\/revisions"}],"wp:featuredmedia":[{"embeddable":true,"href":"https:\/\/www.radioluna.it\/news\/wp-json\/wp\/v2\/media\/132166"}],"wp:attachment":[{"href":"https:\/\/www.radioluna.it\/news\/wp-json\/wp\/v2\/media?parent=140924"}],"wp:term":[{"taxonomy":"category","embeddable":true,"href":"https:\/\/www.radioluna.it\/news\/wp-json\/wp\/v2\/categories?post=140924"},{"taxonomy":"post_tag","embeddable":true,"href":"https:\/\/www.radioluna.it\/news\/wp-json\/wp\/v2\/tags?post=140924"}],"curies":[{"name":"wp","href":"https:\/\/api.w.org\/{rel}","templated":true}]}}