{"id":140964,"date":"2013-09-11T16:42:53","date_gmt":"2013-09-11T14:42:53","guid":{"rendered":"http:\/\/www.radioluna.it\/news\/?p=140964"},"modified":"2013-09-11T16:42:53","modified_gmt":"2013-09-11T14:42:53","slug":"commissioni-bilancio-delibera-illeggittima","status":"publish","type":"post","link":"https:\/\/www.radioluna.it\/news\/2013\/09\/commissioni-bilancio-delibera-illeggittima\/","title":{"rendered":"COMMISSIONI BILANCIO<BR> Delibera illeggittima"},"content":{"rendered":"<div id=\"fb-root\"><\/div>\n<div id=\"attachment_12433\" style=\"width: 310px\" class=\"wp-caption alignleft\"><a href=\"http:\/\/www.radioluna.it\/news\/wp-content\/uploads\/2010\/09\/picca.jpg\"><img loading=\"lazy\" decoding=\"async\" aria-describedby=\"caption-attachment-12433\" class=\"size-medium wp-image-12433\" alt=\"Marco Picca\" src=\"http:\/\/www.radioluna.it\/news\/wp-content\/uploads\/2010\/09\/picca-300x201.jpg\" width=\"300\" height=\"201\" srcset=\"https:\/\/www.radioluna.it\/news\/wp-content\/uploads\/2010\/09\/picca-300x201.jpg 300w, https:\/\/www.radioluna.it\/news\/wp-content\/uploads\/2010\/09\/picca-500x336.jpg 500w, https:\/\/www.radioluna.it\/news\/wp-content\/uploads\/2010\/09\/picca.jpg 600w\" sizes=\"auto, (max-width: 300px) 100vw, 300px\" \/><\/a><p id=\"caption-attachment-12433\" class=\"wp-caption-text\">Marco Picca<\/p><\/div>\n<p style=\"text-align: justify;\"><strong>LATINA &#8211;<\/strong> Questa mattina in Commissione Commercio la maggioranza ha scritto l&#8217;ennesima brutta pagina di politica amministrativa. Il capogruppo del Pdl e altri consiglieri del centrodestra hanno &#8220;accusato&#8221; il sindaco di Giorgi e gli altri assessori di aver approvato una delibera illegittima, si tratta della 476 del 9 agosto che autorizza lo svolgimento di due mercati sperimentali in Viale Italia e nell&#8217;area mercato R6. I consiglieri della maggioranza hanno messo in dubbio la presenza dell&#8217;Assessore Picca che risulta presente e votante, inoltre \u00e9 saltato fuori che a rilasciare il parere di regolarit\u00e0 tecnica non \u00e8 stato il Dirigente che compare nella delibera, che era in ferie, ma un altro.<\/p>\n<p style=\"text-align: justify;\">\u201cIl Partito democratico esprime profonda preoccupazione per la gestione delle procedure amministrative \u2013 commenta il consigliere comunale del Pd Fabrizio Mattioli &#8211; Se quanto dichiarato da alcuni consiglieri di maggioranza e messo a verbale, (la presenza dell\u2019assessore Picca che era invece assente), oppure come verificato oggi in commissione rispetto al parere di regolarit\u00e0 tecnica, rilasciato dal dirigente facente funzioni invece che dal dirigente effettivo come risulta dalla delibera, oppure che la delibera \u00e8 stata controfirmata dal dirigente invece che dall\u2019assessore (che pure sostiene di essere stato presente in giunta) getta un\u2019ombra su quanto sta avvenendo quotidianamente nel Comune di Latina.<\/p>\n<p style=\"text-align: justify;\">Un elemento sul quale \u00e8 necessario riflettere, perch\u00e9 pensiamo che le stesse parole pronunciate dal capogruppo del Pdl Alessandro Calvi rappresentano un segnale di netta sfiducia nei confronti del sindaco e dell\u2019esecutivo che va ben oltre il merito della questione che si sta affrontando.<\/p>\n<p style=\"text-align: justify;\">Chiederemo alla giunta di revocare la delibera adottata &#8211; conclude Mattioli &#8211; perch\u00e9 pesantemente viziata nella forma e quindi a rischio legittimit\u00e0 e riteniamo che la profonda frattura politica che si \u00e8 aperta vada affrontata nelle sedi istituzionali\u201d.<\/p>\n<p>&nbsp;<\/p>\n","protected":false},"excerpt":{"rendered":"<p>LATINA &#8211; Questa mattina in Commissione Commercio la maggioranza ha scritto l&#8217;ennesima brutta pagina di politica amministrativa. Il capogruppo del Pdl e altri consiglieri del centrodestra hanno &#8220;accusato&#8221; il sindaco di Giorgi e gli altri assessori di aver approvato una delibera illegittima, si tratta della 476 del 9 agosto che autorizza lo svolgimento di due [&hellip;]<\/p>\n","protected":false},"author":60,"featured_media":12433,"comment_status":"open","ping_status":"closed","sticky":false,"template":"","format":"standard","meta":{"footnotes":""},"categories":[8],"tags":[],"class_list":["post-140964","post","type-post","status-publish","format-standard","has-post-thumbnail","hentry","category-politica"],"_links":{"self":[{"href":"https:\/\/www.radioluna.it\/news\/wp-json\/wp\/v2\/posts\/140964","targetHints":{"allow":["GET"]}}],"collection":[{"href":"https:\/\/www.radioluna.it\/news\/wp-json\/wp\/v2\/posts"}],"about":[{"href":"https:\/\/www.radioluna.it\/news\/wp-json\/wp\/v2\/types\/post"}],"author":[{"embeddable":true,"href":"https:\/\/www.radioluna.it\/news\/wp-json\/wp\/v2\/users\/60"}],"replies":[{"embeddable":true,"href":"https:\/\/www.radioluna.it\/news\/wp-json\/wp\/v2\/comments?post=140964"}],"version-history":[{"count":0,"href":"https:\/\/www.radioluna.it\/news\/wp-json\/wp\/v2\/posts\/140964\/revisions"}],"wp:featuredmedia":[{"embeddable":true,"href":"https:\/\/www.radioluna.it\/news\/wp-json\/wp\/v2\/media\/12433"}],"wp:attachment":[{"href":"https:\/\/www.radioluna.it\/news\/wp-json\/wp\/v2\/media?parent=140964"}],"wp:term":[{"taxonomy":"category","embeddable":true,"href":"https:\/\/www.radioluna.it\/news\/wp-json\/wp\/v2\/categories?post=140964"},{"taxonomy":"post_tag","embeddable":true,"href":"https:\/\/www.radioluna.it\/news\/wp-json\/wp\/v2\/tags?post=140964"}],"curies":[{"name":"wp","href":"https:\/\/api.w.org\/{rel}","templated":true}]}}