{"id":141032,"date":"2013-09-13T11:47:16","date_gmt":"2013-09-13T09:47:16","guid":{"rendered":"http:\/\/www.radioluna.it\/news\/?p=141032"},"modified":"2013-09-13T11:47:16","modified_gmt":"2013-09-13T09:47:16","slug":"posti-liberi-al-nido-di-minturno-la-scuola-fu-inaugurata-da-maria-montessori","status":"publish","type":"post","link":"https:\/\/www.radioluna.it\/news\/2013\/09\/posti-liberi-al-nido-di-minturno-la-scuola-fu-inaugurata-da-maria-montessori\/","title":{"rendered":"POSTI LIBERI AL NIDO DI MINTURNO<BR> La scuola fu inaugurata da Maria Montessori"},"content":{"rendered":"<div id=\"fb-root\"><\/div>\n<div id=\"attachment_141035\" style=\"width: 310px\" class=\"wp-caption alignleft\"><a href=\"http:\/\/www.radioluna.it\/news\/wp-content\/uploads\/2013\/09\/montessori.jpg\"><img loading=\"lazy\" decoding=\"async\" aria-describedby=\"caption-attachment-141035\" class=\"size-medium wp-image-141035\" alt=\"Paola Cortellesi nei panni di Maria Montessori nella fiction che raccont\u00f2 la vita della studiosa\" src=\"http:\/\/www.radioluna.it\/news\/wp-content\/uploads\/2013\/09\/montessori-300x136.jpg\" width=\"300\" height=\"136\" srcset=\"https:\/\/www.radioluna.it\/news\/wp-content\/uploads\/2013\/09\/montessori-300x136.jpg 300w, https:\/\/www.radioluna.it\/news\/wp-content\/uploads\/2013\/09\/montessori-500x227.jpg 500w, https:\/\/www.radioluna.it\/news\/wp-content\/uploads\/2013\/09\/montessori.jpg 660w\" sizes=\"auto, (max-width: 300px) 100vw, 300px\" \/><\/a><p id=\"caption-attachment-141035\" class=\"wp-caption-text\">Paola Cortellesi nei panni di Maria Montessori nella fiction che raccont\u00f2 la vita della studiosa<\/p><\/div>\n<p style=\"text-align: justify;\">MINTURNO &#8211; Ci sono pochi iscritti nella scuola dell\u2019Infanzia che fu inaugurata da Maria Montessori in persona. In tempi di liste d\u2019attesa infinite per i nidi pubblici, \u00e8 notizia, la nota del vicesindaco del Comune di Minturno, Aristide Galasso, con la quale si annuncia che (ad anno scolastico iniziato) \u00a0\u201csono ancora aperte le iscrizioni all\u2019Asilo Comunale di Scauri vecchia, riservato ai bimbi di et\u00e0 compresa tra zero e tre anni\u201d. Eccezionale: la domanda di posti \u00e8 stata inferiore all&#8217;offerta.<br \/>\nLa scuola, ospitata nella restaurata \u201cCasa dei Bambini\u201d in via Don Antonio Pecorini (ex Mura Megalitiche) venne inaugurata nel 1928 dal Ministro della Pubblica Istruzione Pietro Fedele, storico minturnese, con la famosa pedagogista il cui metodo educativo \u00e8 ancora adottato da 20mila scuole nel mondo.<br \/>\nLe istanze per l\u2019Anno Scolastico 2013-14 vanno presentate all\u2019Ufficio Servizi Sociali il luned\u00ec, il marted\u00ec, il gioved\u00ec ed il venerd\u00ec, dalle ore 9 alle 12.<br \/>\nPer informazioni, telefonare ai numeri 0771\/6608224-6608225-6608226<\/p>\n","protected":false},"excerpt":{"rendered":"<p>MINTURNO &#8211; Ci sono pochi iscritti nella scuola dell\u2019Infanzia che fu inaugurata da Maria Montessori in persona. In tempi di liste d\u2019attesa infinite per i nidi pubblici, \u00e8 notizia, la nota del vicesindaco del Comune di Minturno, Aristide Galasso, con la quale si annuncia che (ad anno scolastico iniziato) \u00a0\u201csono ancora aperte le iscrizioni all\u2019Asilo [&hellip;]<\/p>\n","protected":false},"author":62,"featured_media":141035,"comment_status":"open","ping_status":"closed","sticky":false,"template":"","format":"standard","meta":{"footnotes":""},"categories":[248],"tags":[],"class_list":["post-141032","post","type-post","status-publish","format-standard","has-post-thumbnail","hentry","category-istruzione"],"_links":{"self":[{"href":"https:\/\/www.radioluna.it\/news\/wp-json\/wp\/v2\/posts\/141032","targetHints":{"allow":["GET"]}}],"collection":[{"href":"https:\/\/www.radioluna.it\/news\/wp-json\/wp\/v2\/posts"}],"about":[{"href":"https:\/\/www.radioluna.it\/news\/wp-json\/wp\/v2\/types\/post"}],"author":[{"embeddable":true,"href":"https:\/\/www.radioluna.it\/news\/wp-json\/wp\/v2\/users\/62"}],"replies":[{"embeddable":true,"href":"https:\/\/www.radioluna.it\/news\/wp-json\/wp\/v2\/comments?post=141032"}],"version-history":[{"count":0,"href":"https:\/\/www.radioluna.it\/news\/wp-json\/wp\/v2\/posts\/141032\/revisions"}],"wp:featuredmedia":[{"embeddable":true,"href":"https:\/\/www.radioluna.it\/news\/wp-json\/wp\/v2\/media\/141035"}],"wp:attachment":[{"href":"https:\/\/www.radioluna.it\/news\/wp-json\/wp\/v2\/media?parent=141032"}],"wp:term":[{"taxonomy":"category","embeddable":true,"href":"https:\/\/www.radioluna.it\/news\/wp-json\/wp\/v2\/categories?post=141032"},{"taxonomy":"post_tag","embeddable":true,"href":"https:\/\/www.radioluna.it\/news\/wp-json\/wp\/v2\/tags?post=141032"}],"curies":[{"name":"wp","href":"https:\/\/api.w.org\/{rel}","templated":true}]}}