{"id":141119,"date":"2013-09-16T10:09:06","date_gmt":"2013-09-16T08:09:06","guid":{"rendered":"http:\/\/www.radioluna.it\/news\/?p=141119"},"modified":"2013-09-16T10:17:04","modified_gmt":"2013-09-16T08:17:04","slug":"latina-al-lavoro-al-morgagni-prepara-la-sfida-contro-lanciano","status":"publish","type":"post","link":"https:\/\/www.radioluna.it\/news\/2013\/09\/latina-al-lavoro-al-morgagni-prepara-la-sfida-contro-lanciano\/","title":{"rendered":"LATINA AL LAVORO AL MORGAGNI<BR> Prepara la sfida contro Lanciano"},"content":{"rendered":"<div id=\"fb-root\"><\/div>\n<p style=\"text-align: justify;\"><a href=\"http:\/\/www.radioluna.it\/news\/wp-content\/uploads\/2013\/07\/Latina_Calcio_US_bandiera_animata-300x196.gif\"><img loading=\"lazy\" decoding=\"async\" class=\"size-full wp-image-138736 alignleft\" alt=\"Latina_Calcio_US_bandiera_animata-300x196\" src=\"http:\/\/www.radioluna.it\/news\/wp-content\/uploads\/2013\/07\/Latina_Calcio_US_bandiera_animata-300x196.gif\" width=\"300\" height=\"196\" \/><\/a>LATINA &#8211; Il Latina \u00e8 tornato ad allenarsi gi\u00e0 domenica dopo il confortante pareggio di sabato a Cittadella. La preparazione in vista dell\u2019anticipo di campionato: i nerazzurri torneranno in campo venerd\u00ec 20 settembre (ore 19) quando al Francioni ospiteranno la Virtus Lanciano nella quinta giornata di campionato. La rosa agli ordini di Roberto Breda si allener\u00e0 sempre al Morgagni di Borgo Grappa anche oggi a partire dalle 15, la rifinitura \u00e8 in programma gioved\u00ec alle 10.30 allo stadio Francioni a porte chiuse.<\/p>\n<p style=\"text-align: justify;\">Intanto oggi alle 15 partir\u00e0 la vendita dei biglietti per assistere a Latina-Virtus Lanciano. I botteghini di piazzale Prampolini da domani saranno aperti con orario 9-13, 15-19 e fino al fischio d\u2019inizio, venerd\u00ec 20 settembre.<\/p>\n","protected":false},"excerpt":{"rendered":"<p>LATINA &#8211; Il Latina \u00e8 tornato ad allenarsi gi\u00e0 domenica dopo il confortante pareggio di sabato a Cittadella. La preparazione in vista dell\u2019anticipo di campionato: i nerazzurri torneranno in campo venerd\u00ec 20 settembre (ore 19) quando al Francioni ospiteranno la Virtus Lanciano nella quinta giornata di campionato. La rosa agli ordini di Roberto Breda si [&hellip;]<\/p>\n","protected":false},"author":62,"featured_media":138736,"comment_status":"open","ping_status":"closed","sticky":false,"template":"","format":"standard","meta":{"footnotes":""},"categories":[17],"tags":[],"class_list":["post-141119","post","type-post","status-publish","format-standard","has-post-thumbnail","hentry","category-sport"],"_links":{"self":[{"href":"https:\/\/www.radioluna.it\/news\/wp-json\/wp\/v2\/posts\/141119","targetHints":{"allow":["GET"]}}],"collection":[{"href":"https:\/\/www.radioluna.it\/news\/wp-json\/wp\/v2\/posts"}],"about":[{"href":"https:\/\/www.radioluna.it\/news\/wp-json\/wp\/v2\/types\/post"}],"author":[{"embeddable":true,"href":"https:\/\/www.radioluna.it\/news\/wp-json\/wp\/v2\/users\/62"}],"replies":[{"embeddable":true,"href":"https:\/\/www.radioluna.it\/news\/wp-json\/wp\/v2\/comments?post=141119"}],"version-history":[{"count":0,"href":"https:\/\/www.radioluna.it\/news\/wp-json\/wp\/v2\/posts\/141119\/revisions"}],"wp:featuredmedia":[{"embeddable":true,"href":"https:\/\/www.radioluna.it\/news\/wp-json\/wp\/v2\/media\/138736"}],"wp:attachment":[{"href":"https:\/\/www.radioluna.it\/news\/wp-json\/wp\/v2\/media?parent=141119"}],"wp:term":[{"taxonomy":"category","embeddable":true,"href":"https:\/\/www.radioluna.it\/news\/wp-json\/wp\/v2\/categories?post=141119"},{"taxonomy":"post_tag","embeddable":true,"href":"https:\/\/www.radioluna.it\/news\/wp-json\/wp\/v2\/tags?post=141119"}],"curies":[{"name":"wp","href":"https:\/\/api.w.org\/{rel}","templated":true}]}}