{"id":141152,"date":"2013-09-17T09:32:11","date_gmt":"2013-09-17T07:32:11","guid":{"rendered":"http:\/\/www.radioluna.it\/news\/?p=141152"},"modified":"2013-09-17T09:32:11","modified_gmt":"2013-09-17T07:32:11","slug":"cd-area-sanremo","status":"publish","type":"post","link":"https:\/\/www.radioluna.it\/news\/2013\/09\/cd-area-sanremo\/","title":{"rendered":"CD AREA SANREMO<BR< Lo produce l'APM di Latina"},"content":{"rendered":"<div id=\"fb-root\"><\/div>\n<p style=\"text-align: justify;\"><a href=\"http:\/\/www.radioluna.it\/news\/wp-content\/uploads\/2013\/09\/area.jpg\"><img loading=\"lazy\" decoding=\"async\" class=\"alignleft size-full wp-image-141154\" alt=\"area\" src=\"http:\/\/www.radioluna.it\/news\/wp-content\/uploads\/2013\/09\/area.jpg\" width=\"259\" height=\"194\" \/><\/a>LATINA &#8211;\u00a0Sar\u00e0 una casa discografica indipendente di Latina a produrre il cd \u00a0di Area Sanremo, il concorso che premia i vincitori con l&#8217;accesso diretto al Festival della canzone italiana: da quest&#8217;anno ci sar\u00e0 infatti anche una compilation ufficiale. L&#8217; obiettivo del concorso e della nuova iniziativa \u00e8 quello di dare voce e far crescere i giovani talenti del Paese. La compilation della rassegna conterr\u00e0 i brani di alcuni finalisti scelti dalla Commissione di Valutazione di cui fa parte anche il noto speaker di Latina, responsabile di Radiouno Musica, \u00a0Gian Maurizio Foderaro.<\/p>\n<p style=\"text-align: justify;\">La produzione della compilation \u00e8 curata dalla A.P.M. Progetto Musica, etichetta discografica indipendente di Latina, nata nel 2005 con la stessa vocazione di &#8216;Area Sanremo, ovvero la valorizzazione dei talenti emergenti.<\/p>\n<p style=\"text-align: justify;\">\n","protected":false},"excerpt":{"rendered":"<p>LATINA &#8211;\u00a0Sar\u00e0 una casa discografica indipendente di Latina a produrre il cd \u00a0di Area Sanremo, il concorso che premia i vincitori con l&#8217;accesso diretto al Festival della canzone italiana: da quest&#8217;anno ci sar\u00e0 infatti anche una compilation ufficiale. L&#8217; obiettivo del concorso e della nuova iniziativa \u00e8 quello di dare voce e far crescere i [&hellip;]<\/p>\n","protected":false},"author":62,"featured_media":141154,"comment_status":"open","ping_status":"closed","sticky":false,"template":"","format":"standard","meta":{"footnotes":""},"categories":[735],"tags":[],"class_list":["post-141152","post","type-post","status-publish","format-standard","has-post-thumbnail","hentry","category-attualita"],"_links":{"self":[{"href":"https:\/\/www.radioluna.it\/news\/wp-json\/wp\/v2\/posts\/141152","targetHints":{"allow":["GET"]}}],"collection":[{"href":"https:\/\/www.radioluna.it\/news\/wp-json\/wp\/v2\/posts"}],"about":[{"href":"https:\/\/www.radioluna.it\/news\/wp-json\/wp\/v2\/types\/post"}],"author":[{"embeddable":true,"href":"https:\/\/www.radioluna.it\/news\/wp-json\/wp\/v2\/users\/62"}],"replies":[{"embeddable":true,"href":"https:\/\/www.radioluna.it\/news\/wp-json\/wp\/v2\/comments?post=141152"}],"version-history":[{"count":0,"href":"https:\/\/www.radioluna.it\/news\/wp-json\/wp\/v2\/posts\/141152\/revisions"}],"wp:featuredmedia":[{"embeddable":true,"href":"https:\/\/www.radioluna.it\/news\/wp-json\/wp\/v2\/media\/141154"}],"wp:attachment":[{"href":"https:\/\/www.radioluna.it\/news\/wp-json\/wp\/v2\/media?parent=141152"}],"wp:term":[{"taxonomy":"category","embeddable":true,"href":"https:\/\/www.radioluna.it\/news\/wp-json\/wp\/v2\/categories?post=141152"},{"taxonomy":"post_tag","embeddable":true,"href":"https:\/\/www.radioluna.it\/news\/wp-json\/wp\/v2\/tags?post=141152"}],"curies":[{"name":"wp","href":"https:\/\/api.w.org\/{rel}","templated":true}]}}