{"id":141156,"date":"2013-09-21T08:45:04","date_gmt":"2013-09-21T06:45:04","guid":{"rendered":"http:\/\/www.radioluna.it\/news\/?p=141156"},"modified":"2013-09-26T12:44:08","modified_gmt":"2013-09-26T10:44:08","slug":"turismo-sportivo-e-tempo-libero-in-fiera-per-tre-giorni-allex-rossi-sud","status":"publish","type":"post","link":"https:\/\/www.radioluna.it\/news\/2013\/09\/turismo-sportivo-e-tempo-libero-in-fiera-per-tre-giorni-allex-rossi-sud\/","title":{"rendered":"TURISMO SPORTIVO E TEMPO LIBERO<BR> In Fiera per tre giorni all&#8217;ex Rossi Sud"},"content":{"rendered":"<div id=\"fb-root\"><\/div>\n<p style=\"text-align: justify;\"><a href=\"http:\/\/www.radioluna.it\/news\/wp-content\/uploads\/2013\/09\/20130201_110355-e1379403798790.jpg\"><img loading=\"lazy\" decoding=\"async\" class=\"alignleft size-medium wp-image-141157\" alt=\"expo latina\" src=\"http:\/\/www.radioluna.it\/news\/wp-content\/uploads\/2013\/09\/20130201_110355-e1379403798790-225x300.jpg\" width=\"225\" height=\"300\" srcset=\"https:\/\/www.radioluna.it\/news\/wp-content\/uploads\/2013\/09\/20130201_110355-e1379403798790-225x300.jpg 225w, https:\/\/www.radioluna.it\/news\/wp-content\/uploads\/2013\/09\/20130201_110355-e1379403798790-500x667.jpg 500w, https:\/\/www.radioluna.it\/news\/wp-content\/uploads\/2013\/09\/20130201_110355-e1379403798790.jpg 750w\" sizes=\"auto, (max-width: 225px) 100vw, 225px\" \/><\/a>LATINA &#8211;\u00a0\u00a0Dal 27 al 29 settembre si terr\u00e0 a Latina presso il nuovo Polo Fieristico Expo, la I edizione della Fiera del Turismo Sportivo, tempo libero, ambiente e benessere- Salone del Turismo Sportivo Accessibile. Centoventi gli stand che saranno allestiti nell&#8217;area espositiva coperta, tra tour operator, agenzie di viaggi, hotel, associazioni sportive e aziende specializzate nella produzione di articoli sportivi e prodotti per lo sport, il benessere e il tempo libero. la manifestazione \u00e8 stata\u00a0organizzata da Confindustria Latina, e presentata dalla \u00a0Sezione Turismo dell&#8217;Associazione Industriali pontina. Ha ricevuto il \u00a0patrocinio del CONI, della Regione Lazio, della Camera di Commercio di Latina, e ancora di CIP, Opes, Feitas, Fenalc, Provincia e Comune di Latina, Federturismo.<\/p>\n<p style=\"text-align: justify;\">Alla conferenza stampa erano presenti Presidente dell\u2019Associazione Industriali pontina Paolo Marini, il Presidente della Sezione Turismo Sergio Arienzo, Giacomo Crosa, atleta di fama indiscussa gi\u00e0 giornalista sportivo per le reti Mediaset e testimonial dell&#8217;evento, Daniele Nardi, lo scalatore pontino che ha toccato le vette pi\u00f9 alte del mondo e Palmiro Ianiri Presidente della sezione provinciale della Lega navale. Tutti i dettagli e gli aggiornamenti sono consultabili sul sito internet della fiera, www.fieraturismosportivo.it.<br \/>\n&#8220;Il turismo sportivo si sta dimostrando per le regioni che vi investono risorse economiche ed organizzative, \u2013 spiega Paolo Marini, Presidente di Confindustria Latina \u2013 una fetta di mercato particolarmente interessante e promettente. F.I.T.S. vuole evidenziare proprio la completezza e il potenziale dell\u2019offerta turistico-sportivo sotto due aspetti tra loro legati: il primo \u00e8 la variet\u00e0 del paesaggio italiano, e ovviamente del nostro territorio provinciale, che permette tra l\u2019altro lo svolgimento di sport d\u2019aria di acqua e di terra tecnologicamente innovativi; il secondo \u00e8 il riconoscimento del ruolo cruciale dello sport nel turismo del futuro, e le possibili ricadute positive su questioni legate all\u2019ambiente e alle economie locali. F.I.T.S. vuole mettere in luce la relazione positiva tra sport, turismo e tutela ambientale, con le possibilit\u00e0 di riqualificazione offerte al territorio \u2013 conclude Marini \u2013 in aggiunta alle opportunit\u00e0 offerte in termini di investimenti e sostegno all\u2019occupazione, offrendo la possibilit\u00e0 di iniziare ad allargare l&#8217;offerta anche nei periodi non estivi, la cosiddetta \u201cdestagionalizzazione\u201d tanto necessaria alle nostre imprese.&#8221;<br \/>\n&#8220;Il turismo sportivo pu\u00f2 essere la chiave per superare alcuni problemi cronici del turismo nazionale \u2013 continua Sergio Arienzo \u2013 su tutti l\u2019eccessiva stagionalit\u00e0; per fare questo \u00e8 necessario per\u00f2 sviluppare effettivamente un\u2019offerta articolata su tutto l\u2019anno e legarsi al meglio a strategie esperienziali di marketing che ruotino attorno ai concetti di benessere (con la presenza di centri benessere e termali e di strutture che promuovano il valore dell\u2019alimentazione) e ambiente (ad esempio con un turismo naturalistico che includa discipline come birdwatching, seawatching, trekking, nordic walking, turismo delle vedute etc). Il turismo mondiale, perch\u00e9 \u00e8 a questo che dobbiamo ormai far riferimento, punta sempre pi\u00f9 alla differenzazione e alla specializzazione ed il territorio, di conseguenza, deve approfittare di tale tendenza per inserirsi nelle programmazioni e nei cataloghi degli operatori internazionali di settore.&#8221;<br \/>\n&#8220;Dobbiamo lavorare per un cambio di cultura \u2013 cos\u00ec Giacomo Crosa \u2013 che soprattutto questo territorio sta gi\u00e0 mostrando di attuare, e questa Fiera ne \u00e8 un esempio concreto. Soprattutto rispetto al Turismo accessibile, che deve essere naturalmente incluso nella ampia concezione di Turismo Sportivo. E la presenza di Luca Pancalli alla manifestazione pone proprio l&#8217;accento su questo aspetto determinante per lo sviluppo di questa dimensione. Le potenzialit\u00e0 che questo territorio offre \u2013 incalza la medaglia d&#8217;argento olimpica Alessio Sartori \u2013 sono veramente importanti, e chi vive lo sport sa apprezzarle. Penso ad esempio alle squadre di ciclismo che vengono ad allenarsi a Sabaudia, e con le quali negli ultimi tempi si \u00e8 creata con noi canoisti una sorta di commistione negli allenamenti, utile ad innalzare anche gli standard atletici. Dunque un valore aggiunto di peso. Ma la sfida oggi \u00e8 quella di implementare la capacit\u00e0 ricettiva della provincia pontina, che \u00e8 alla base di una seria pianificazione di Turismo Sportivo.&#8221;<br \/>\n&#8220;Il turismo \u00e8 oggi un&#8217;industria \u2013 spiega Daniele Nardi \u2013 e come tale deve essere pensato e gestito. Penso ai Monti Lepini, che offrono 600 percorsi di arrampicata dal livello 1 al livello 10, che significano un indotto di centinaia di migliaia di euro. Ecco, con questo evento ci auguriamo di mettere in rete non soltanto esperienze, valori e idee, ma anche nuove strategie di comunicazione e marketing utili allo sviluppo della cultura del Turismo Sportivo.&#8221;<\/p>\n<p style=\"text-align: justify;\">Nel calendario degli appuntamenti in programma, \u00a0la partecipazione dell&#8217;ex atleta e giornalista sportivo Giacomo Crosa, convegni sulle tematiche della salute e della disabilit\u00e0 con \u00a0Luca Pancalli, presidente del Comitato Italiano Paralimpico e dell&#8217;associazione Vitattiva e libri sul tema. Una giornata sar\u00e0 dedicata ai progetti di mobilit\u00e0 sostenibile e alle avventure sportive. Sabato e domenica moto-incontro di solidariet\u00e0 a favore della \u00abLady Polita Onlus\u00bb.<\/p>\n<p style=\"text-align: justify;\">Nell&#8217;area espositiva all&#8217;aperto, circa 50 mila mq, si potranno sperimentare diverse discipline: golf, equitazione, tiro con l&#8217;arco, arrampicata sportiva e ammirare auto e moto d&#8217;epoca, dragon boat e canoe, off-shore e barche a vela.<\/p>\n","protected":false},"excerpt":{"rendered":"<p>LATINA &#8211;\u00a0\u00a0Dal 27 al 29 settembre si terr\u00e0 a Latina presso il nuovo Polo Fieristico Expo, la I edizione della Fiera del Turismo Sportivo, tempo libero, ambiente e benessere- Salone del Turismo Sportivo Accessibile. Centoventi gli stand che saranno allestiti nell&#8217;area espositiva coperta, tra tour operator, agenzie di viaggi, hotel, associazioni sportive e aziende specializzate [&hellip;]<\/p>\n","protected":false},"author":60,"featured_media":141157,"comment_status":"open","ping_status":"closed","sticky":false,"template":"","format":"standard","meta":{"footnotes":""},"categories":[16],"tags":[],"class_list":["post-141156","post","type-post","status-publish","format-standard","has-post-thumbnail","hentry","category-appuntamenti"],"_links":{"self":[{"href":"https:\/\/www.radioluna.it\/news\/wp-json\/wp\/v2\/posts\/141156","targetHints":{"allow":["GET"]}}],"collection":[{"href":"https:\/\/www.radioluna.it\/news\/wp-json\/wp\/v2\/posts"}],"about":[{"href":"https:\/\/www.radioluna.it\/news\/wp-json\/wp\/v2\/types\/post"}],"author":[{"embeddable":true,"href":"https:\/\/www.radioluna.it\/news\/wp-json\/wp\/v2\/users\/60"}],"replies":[{"embeddable":true,"href":"https:\/\/www.radioluna.it\/news\/wp-json\/wp\/v2\/comments?post=141156"}],"version-history":[{"count":0,"href":"https:\/\/www.radioluna.it\/news\/wp-json\/wp\/v2\/posts\/141156\/revisions"}],"wp:featuredmedia":[{"embeddable":true,"href":"https:\/\/www.radioluna.it\/news\/wp-json\/wp\/v2\/media\/141157"}],"wp:attachment":[{"href":"https:\/\/www.radioluna.it\/news\/wp-json\/wp\/v2\/media?parent=141156"}],"wp:term":[{"taxonomy":"category","embeddable":true,"href":"https:\/\/www.radioluna.it\/news\/wp-json\/wp\/v2\/categories?post=141156"},{"taxonomy":"post_tag","embeddable":true,"href":"https:\/\/www.radioluna.it\/news\/wp-json\/wp\/v2\/tags?post=141156"}],"curies":[{"name":"wp","href":"https:\/\/api.w.org\/{rel}","templated":true}]}}