{"id":141171,"date":"2013-09-17T12:29:00","date_gmt":"2013-09-17T10:29:00","guid":{"rendered":"http:\/\/www.radioluna.it\/news\/?p=141171"},"modified":"2013-09-17T12:31:12","modified_gmt":"2013-09-17T10:31:12","slug":"workshop-athena-2013-il-30-settembre-chiudono-le-iscrizioni","status":"publish","type":"post","link":"https:\/\/www.radioluna.it\/news\/2013\/09\/workshop-athena-2013-il-30-settembre-chiudono-le-iscrizioni\/","title":{"rendered":"WORKSHOP ATHENA 2013<BR> Il 30 settembre chiudono le iscrizioni"},"content":{"rendered":"<div id=\"fb-root\"><\/div>\n<p style=\"text-align: justify;\"><a href=\"http:\/\/www.radioluna.it\/news\/wp-content\/uploads\/2011\/01\/camera_commercio_latina.jpg\"><img loading=\"lazy\" decoding=\"async\" class=\"alignleft size-medium wp-image-65204\" alt=\"camera_commercio_latina\" src=\"http:\/\/www.radioluna.it\/news\/wp-content\/uploads\/2011\/01\/camera_commercio_latina-300x210.jpg\" width=\"300\" height=\"210\" srcset=\"https:\/\/www.radioluna.it\/news\/wp-content\/uploads\/2011\/01\/camera_commercio_latina-300x210.jpg 300w, https:\/\/www.radioluna.it\/news\/wp-content\/uploads\/2011\/01\/camera_commercio_latina-500x350.jpg 500w, https:\/\/www.radioluna.it\/news\/wp-content\/uploads\/2011\/01\/camera_commercio_latina.jpg 555w\" sizes=\"auto, (max-width: 300px) 100vw, 300px\" \/><\/a>LATINA &#8211;\u00a0Si chiuderanno il 30 settembre le iscrizioni all\u2019edizione 2013 del Workshop Athena organizzato dal Comitato Imprenditoria Femminile della Camera di Commercio di Latina.<\/p>\n<p style=\"text-align: justify;\">La manifestazione, giunta alla sua XI edizione, si svolger\u00e0 a Latina, presso il Polo Fieristico ex Rossi Sud, dal 29 novembre al 1\u00b0 dicembre 2013. Il Comitato ha deciso quest\u2019anno di aprire la partecipazione a tutte le imprese al femminile, che abbiano un\u2019unit\u00e0 operativa iscritta presso il Registro Imprese dell\u2019Ente camerale o di altre consorelle. I requisiti di partecipazione sono i seguenti: \uf0b7 L\u2019impresa partecipante deve essere in regola con il pagamento del diritto annuale camerale; \uf0b7 Il trasporto e l\u2019allestimento dello spazio espositivo assegnato sar\u00e0 a carico delle imprese; \uf0b7 Le imprese saranno responsabili dei materiali lasciati presso gli spazi espositivi assegnati; \uf0b7 Le imprese si impegnano ad essere presenti con la titolare o propri delegati presso lo spazio espositivo assegnato per tutta la durata della manifestazione; \uf0b7 \u00c8 fatto divieto assoluto di procedere al disallestimento dello spazio espositivo assegnato nel corso della manifestazione e comunque prima del termine della stessa; \uf0b7 Le imprese partecipanti devono essere: &#8211; per le ditte individuali, la titolarit\u00e0 femminile; &#8211; per le societ\u00e0 di capitali, l\u2019imprenditrice deve appartenere alla compagine societaria con almeno il 25% del capitale sociale o deve ricoprire ruoli manageriali; &#8211; per le societ\u00e0 di persone, la partecipazione \u00e8 ammessa per le imprenditrici che abbiano almeno un terzo della societ\u00e0 o che ricoprano ruoli manageriali. Non sono ammesse alla partecipazione le imprese che siano state protestate, soggette a fallimento o altre procedure concorsuali o la cui titolare\/soci siano sottoposti a procedimenti penali o a condanne per frodi e\/o sofisticazioni. Le imprese dovranno presentare apposita domanda alla Camera di Commercio, entro e non oltre il 30 settembre 2013, con indicazione del possesso dei requisiti, che dovranno dichiarare, sotto propria responsabilit\u00e0, mediante autocertificazione, indicando la denominazione dell\u2019impresa, l\u2019attivit\u00e0 svolta e il rispetto dei requisiti necessari per la partecipazione. La partecipazione \u00e8 subordinata, oltre che alla verifica del possesso dei requisiti di cui sopra, al pagamento di una quota di partecipazione pari a \u20ac 200,00. Per tutti i dettagli \u00e8 possibile far riferimento alla Segreteria del Comitato Imprenditoria Femminile della Camera di Commercio di Latina (tel 0773\/672258 fax 0773\/474087 e-mail eleonora.verzin@lt.camcom.it e imprenditoriafemminile@lt.camcom.it).<\/p>\n","protected":false},"excerpt":{"rendered":"<p>LATINA &#8211;\u00a0Si chiuderanno il 30 settembre le iscrizioni all\u2019edizione 2013 del Workshop Athena organizzato dal Comitato Imprenditoria Femminile della Camera di Commercio di Latina. La manifestazione, giunta alla sua XI edizione, si svolger\u00e0 a Latina, presso il Polo Fieristico ex Rossi Sud, dal 29 novembre al 1\u00b0 dicembre 2013. Il Comitato ha deciso quest\u2019anno di [&hellip;]<\/p>\n","protected":false},"author":60,"featured_media":65204,"comment_status":"open","ping_status":"closed","sticky":false,"template":"","format":"standard","meta":{"footnotes":""},"categories":[11],"tags":[],"class_list":["post-141171","post","type-post","status-publish","format-standard","has-post-thumbnail","hentry","category-economia"],"_links":{"self":[{"href":"https:\/\/www.radioluna.it\/news\/wp-json\/wp\/v2\/posts\/141171","targetHints":{"allow":["GET"]}}],"collection":[{"href":"https:\/\/www.radioluna.it\/news\/wp-json\/wp\/v2\/posts"}],"about":[{"href":"https:\/\/www.radioluna.it\/news\/wp-json\/wp\/v2\/types\/post"}],"author":[{"embeddable":true,"href":"https:\/\/www.radioluna.it\/news\/wp-json\/wp\/v2\/users\/60"}],"replies":[{"embeddable":true,"href":"https:\/\/www.radioluna.it\/news\/wp-json\/wp\/v2\/comments?post=141171"}],"version-history":[{"count":0,"href":"https:\/\/www.radioluna.it\/news\/wp-json\/wp\/v2\/posts\/141171\/revisions"}],"wp:featuredmedia":[{"embeddable":true,"href":"https:\/\/www.radioluna.it\/news\/wp-json\/wp\/v2\/media\/65204"}],"wp:attachment":[{"href":"https:\/\/www.radioluna.it\/news\/wp-json\/wp\/v2\/media?parent=141171"}],"wp:term":[{"taxonomy":"category","embeddable":true,"href":"https:\/\/www.radioluna.it\/news\/wp-json\/wp\/v2\/categories?post=141171"},{"taxonomy":"post_tag","embeddable":true,"href":"https:\/\/www.radioluna.it\/news\/wp-json\/wp\/v2\/tags?post=141171"}],"curies":[{"name":"wp","href":"https:\/\/api.w.org\/{rel}","templated":true}]}}