{"id":141179,"date":"2013-09-17T18:08:32","date_gmt":"2013-09-17T16:08:32","guid":{"rendered":"http:\/\/www.radioluna.it\/news\/?p=141179"},"modified":"2013-09-17T18:08:32","modified_gmt":"2013-09-17T16:08:32","slug":"scuola-domani-tornano-i-vigili-un-presidio-per-le-scuole","status":"publish","type":"post","link":"https:\/\/www.radioluna.it\/news\/2013\/09\/scuola-domani-tornano-i-vigili-un-presidio-per-le-scuole\/","title":{"rendered":"SCUOLA, DOMANI TORNANO I VIGILI <BR> Un presidio per le scuole"},"content":{"rendered":"<div id=\"fb-root\"><\/div>\n<p><a href=\"http:\/\/www.radioluna.it\/news\/wp-content\/uploads\/2012\/06\/vigili-urbani-macchina.jpg\"><img loading=\"lazy\" decoding=\"async\" class=\"alignleft size-thumbnail wp-image-122166\" alt=\"vigili-urbani-macchina\" src=\"http:\/\/www.radioluna.it\/news\/wp-content\/uploads\/2012\/06\/vigili-urbani-macchina-150x150.jpg\" width=\"150\" height=\"150\" \/><\/a><\/p>\n<p style=\"text-align: justify;\">LATINA- Riprende domani il servizio di presidio dei vigili urbani a ridosso delle scuole del capoluogo pontino che si trovano a ridosso di strade molto trafficate. A comunicarlo \u00e8 il Comune di Latina. &lt;Il servizio disposto dal vicecomandante Antonio Cenedese e coordinato dal comandante Francesco Passaretti &#8211; si legge in una nota- prevede la rotazione del personale attingendo anche da chi \u00e8 impiegato negli uffici. Un modo per contenere i costi aggiuntivi&gt;. Il presidente della commissione mobilit\u00e0 del Comune di Latina \u00e8 soddisfatto perch\u00e8 ritorna un servizio importante per la cittadinanza e ha annunciato che a breve torner\u00e0 anche una figura storica: quella del &lt;Nonno vigile&gt; a poca distanza dalle scuole.<\/p>\n<p style=\"text-align: justify;\">\n<p><span style=\"color: #050505;\"><span style=\"font-family: Arial, sans-serif;\"><span>\u00a0<\/span><\/span><\/span><\/p>\n<p>&nbsp;<\/p>\n","protected":false},"excerpt":{"rendered":"<p>LATINA- Riprende domani il servizio di presidio dei vigili urbani a ridosso delle scuole del capoluogo pontino che si trovano a ridosso di strade molto trafficate. A comunicarlo \u00e8 il Comune di Latina. &lt;Il servizio disposto dal vicecomandante Antonio Cenedese e coordinato dal comandante Francesco Passaretti &#8211; si legge in una nota- prevede la rotazione [&hellip;]<\/p>\n","protected":false},"author":60,"featured_media":0,"comment_status":"open","ping_status":"closed","sticky":false,"template":"","format":"standard","meta":{"footnotes":""},"categories":[248],"tags":[],"class_list":["post-141179","post","type-post","status-publish","format-standard","hentry","category-istruzione"],"_links":{"self":[{"href":"https:\/\/www.radioluna.it\/news\/wp-json\/wp\/v2\/posts\/141179","targetHints":{"allow":["GET"]}}],"collection":[{"href":"https:\/\/www.radioluna.it\/news\/wp-json\/wp\/v2\/posts"}],"about":[{"href":"https:\/\/www.radioluna.it\/news\/wp-json\/wp\/v2\/types\/post"}],"author":[{"embeddable":true,"href":"https:\/\/www.radioluna.it\/news\/wp-json\/wp\/v2\/users\/60"}],"replies":[{"embeddable":true,"href":"https:\/\/www.radioluna.it\/news\/wp-json\/wp\/v2\/comments?post=141179"}],"version-history":[{"count":0,"href":"https:\/\/www.radioluna.it\/news\/wp-json\/wp\/v2\/posts\/141179\/revisions"}],"wp:attachment":[{"href":"https:\/\/www.radioluna.it\/news\/wp-json\/wp\/v2\/media?parent=141179"}],"wp:term":[{"taxonomy":"category","embeddable":true,"href":"https:\/\/www.radioluna.it\/news\/wp-json\/wp\/v2\/categories?post=141179"},{"taxonomy":"post_tag","embeddable":true,"href":"https:\/\/www.radioluna.it\/news\/wp-json\/wp\/v2\/tags?post=141179"}],"curies":[{"name":"wp","href":"https:\/\/api.w.org\/{rel}","templated":true}]}}