{"id":141286,"date":"2013-09-20T10:25:09","date_gmt":"2013-09-20T08:25:09","guid":{"rendered":"http:\/\/www.radioluna.it\/news\/?p=141286"},"modified":"2013-09-20T10:25:09","modified_gmt":"2013-09-20T08:25:09","slug":"andreoli-batte-globo-sora-ai-pontini-la-seconda-amichevole","status":"publish","type":"post","link":"https:\/\/www.radioluna.it\/news\/2013\/09\/andreoli-batte-globo-sora-ai-pontini-la-seconda-amichevole\/","title":{"rendered":"ANDREOLI BATTE GLOBO SORA<BR> Ai pontini la seconda amichevole"},"content":{"rendered":"<div id=\"fb-root\"><\/div>\n<div id=\"attachment_134871\" style=\"width: 210px\" class=\"wp-caption alignleft\"><a href=\"http:\/\/www.radioluna.it\/news\/wp-content\/uploads\/2013\/04\/SANTILLI.jpg\"><img loading=\"lazy\" decoding=\"async\" aria-describedby=\"caption-attachment-134871\" class=\"size-medium wp-image-134871\" alt=\"Roberto Santilli (foto volleyball)\" src=\"http:\/\/www.radioluna.it\/news\/wp-content\/uploads\/2013\/04\/SANTILLI-200x300.jpg\" width=\"200\" height=\"300\" srcset=\"https:\/\/www.radioluna.it\/news\/wp-content\/uploads\/2013\/04\/SANTILLI-200x300.jpg 200w, https:\/\/www.radioluna.it\/news\/wp-content\/uploads\/2013\/04\/SANTILLI.jpg 267w\" sizes=\"auto, (max-width: 200px) 100vw, 200px\" \/><\/a><p id=\"caption-attachment-134871\" class=\"wp-caption-text\">Roberto Santilli (foto volleyball)<\/p><\/div>\n<p style=\"text-align: justify;\">LATINA &#8211;\u00a0L\u2019Andreoli Latina si aggiudica anche la seconda amichevole con la Globo Sora. Una gara dove si \u00e8 vista la crescita nel gioco di entrambe le formazioni rispetto alla scorsa settimana. I pontini si sono imposti per 3-1 facendo esordire nel corso della gara lo slovacco Michalovic e utilizzando alla fine del quarto set il giovane Ferenciac.<\/p>\n<p style=\"text-align: justify;\">\u00a0Roberto Santilli propone Sottile in regia con Torres opposto, Gitto e Candellaro centrali, Fragkos e Noda schiacciatori, Tailli libero. Marco Fenoglio risponde con Daldello al palleggio e Tamburo opposto, Salgado e Tomassetti al centro, Guttmann e Fiore schiacciatori e Gautieri libero.\u00a0\u201cOggi \u00a0&#8211; commenta il coach &#8211; abbiamo avuto un progresso notevole, al di l\u00e0 del risultato. \u00c8 dovuto dal buon lavoro fatto in settimana e da come \u00e8 stato interpretato dagli atleti. Il percorso che stiamo prendendo ci sta dando i primi frutti. Siamo cresciuti in alcuni fondamentali, ma dobbiamo lavorare su altri. Vedo i ragazzi molto coscienziosi, questo \u00e8 il fatto positivo\u201d.<\/p>\n<p style=\"text-align: justify;\">\n","protected":false},"excerpt":{"rendered":"<p>LATINA &#8211;\u00a0L\u2019Andreoli Latina si aggiudica anche la seconda amichevole con la Globo Sora. Una gara dove si \u00e8 vista la crescita nel gioco di entrambe le formazioni rispetto alla scorsa settimana. I pontini si sono imposti per 3-1 facendo esordire nel corso della gara lo slovacco Michalovic e utilizzando alla fine del quarto set il [&hellip;]<\/p>\n","protected":false},"author":62,"featured_media":134871,"comment_status":"open","ping_status":"closed","sticky":false,"template":"","format":"standard","meta":{"footnotes":""},"categories":[17],"tags":[],"class_list":["post-141286","post","type-post","status-publish","format-standard","has-post-thumbnail","hentry","category-sport"],"_links":{"self":[{"href":"https:\/\/www.radioluna.it\/news\/wp-json\/wp\/v2\/posts\/141286","targetHints":{"allow":["GET"]}}],"collection":[{"href":"https:\/\/www.radioluna.it\/news\/wp-json\/wp\/v2\/posts"}],"about":[{"href":"https:\/\/www.radioluna.it\/news\/wp-json\/wp\/v2\/types\/post"}],"author":[{"embeddable":true,"href":"https:\/\/www.radioluna.it\/news\/wp-json\/wp\/v2\/users\/62"}],"replies":[{"embeddable":true,"href":"https:\/\/www.radioluna.it\/news\/wp-json\/wp\/v2\/comments?post=141286"}],"version-history":[{"count":0,"href":"https:\/\/www.radioluna.it\/news\/wp-json\/wp\/v2\/posts\/141286\/revisions"}],"wp:featuredmedia":[{"embeddable":true,"href":"https:\/\/www.radioluna.it\/news\/wp-json\/wp\/v2\/media\/134871"}],"wp:attachment":[{"href":"https:\/\/www.radioluna.it\/news\/wp-json\/wp\/v2\/media?parent=141286"}],"wp:term":[{"taxonomy":"category","embeddable":true,"href":"https:\/\/www.radioluna.it\/news\/wp-json\/wp\/v2\/categories?post=141286"},{"taxonomy":"post_tag","embeddable":true,"href":"https:\/\/www.radioluna.it\/news\/wp-json\/wp\/v2\/tags?post=141286"}],"curies":[{"name":"wp","href":"https:\/\/api.w.org\/{rel}","templated":true}]}}