{"id":141289,"date":"2013-09-20T11:54:38","date_gmt":"2013-09-20T09:54:38","guid":{"rendered":"http:\/\/www.radioluna.it\/news\/?p=141289"},"modified":"2013-09-20T11:54:38","modified_gmt":"2013-09-20T09:54:38","slug":"cinque-giorni-di-giallolatino-oltre-trenta-eventi-in-cinque-comuni","status":"publish","type":"post","link":"https:\/\/www.radioluna.it\/news\/2013\/09\/cinque-giorni-di-giallolatino-oltre-trenta-eventi-in-cinque-comuni\/","title":{"rendered":"CINQUE GIORNI DI GIALLOLATINO<BR> Oltre trenta eventi in cinque comuni"},"content":{"rendered":"<div id=\"fb-root\"><\/div>\n<p style=\"text-align: justify;\"><a href=\"http:\/\/www.radioluna.it\/news\/wp-content\/uploads\/2013\/09\/giallo.jpg\"><img loading=\"lazy\" decoding=\"async\" class=\"alignleft size-medium wp-image-141292\" alt=\"giallo\" src=\"http:\/\/www.radioluna.it\/news\/wp-content\/uploads\/2013\/09\/giallo-300x225.jpg\" width=\"300\" height=\"225\" srcset=\"https:\/\/www.radioluna.it\/news\/wp-content\/uploads\/2013\/09\/giallo-300x225.jpg 300w, https:\/\/www.radioluna.it\/news\/wp-content\/uploads\/2013\/09\/giallo-768x576.jpg 768w, https:\/\/www.radioluna.it\/news\/wp-content\/uploads\/2013\/09\/giallo-500x375.jpg 500w, https:\/\/www.radioluna.it\/news\/wp-content\/uploads\/2013\/09\/giallo-800x600.jpg 800w, https:\/\/www.radioluna.it\/news\/wp-content\/uploads\/2013\/09\/giallo.jpg 1000w\" sizes=\"auto, (max-width: 300px) 100vw, 300px\" \/><\/a>LATINA &#8211; Torna dal 25 al 29 settembre, Giallolatino, \u00a0festival del giallo e del noir: a Sabaudia, Priverno, \u00a0Aprilia, Pontinia e Bassiano, spazio alla narrativa, al cinema, alla poesia, e poi pittura, cene letterarie e dibattiti per affrontare temi attuali \u00a0con la Fondazione Wanda Vecchi e con i rappresentanti delle forze dell\u2019ordine e del Consiglio notarile.<\/p>\n<p style=\"text-align: justify;\">\u00abSe prima il festival era un premio di narrativa applicato al territorio, oggi \u00e8 un festival spalmato sull\u2019intero territorio provinciale che abbraccia tutte le arti \u2013 dice Gian Luca Campagna, ideatore di Giallolatino- Ogni giornata avr\u00e0 il suo titolo e il suo tema: se il gioved\u00ec \u00e8 dedicato alla violenza sulle donne, il venerd\u00ec vi saranno i rappresentanti di tutte le forze dell\u2019ordine che affronteranno con i romanzi i temi delicati e di stretta attualit\u00e0 che li coinvolgono nel quotidiano per contrastare il crimine, mentre sabato spazio a tutto ci\u00f2 che richiama alla memoria il colore giallo e domenica invece ecco il tributo alla Spagna di Bu\u00f1uel e Montalb\u00e0n\u00bb.<\/p>\n<p style=\"text-align: justify;\">Il \u00a0festival negli anni \u00e8 cresciuto, ma lo spirito resta sempre lo stesso: \u00abLa convivialit\u00e0 e la familiarit\u00e0 che si respira negli eventi di Giallolatino non si trovano in nessun\u2019altra parte d\u2019Italia \u2013aggiunge- questo perch\u00e9 abbattiamo quelle naturali barriere tra autori affermati ed esordienti, mixando appositamente eventi di forte spessore culturale con quelli di puro intrattenimento\u00bb.<\/p>\n<p style=\"text-align: justify;\">IL PROGRAMMA &#8211;\u00a0MERCOLEDI\u2019 25 SETTEMBRE<\/p>\n<p style=\"text-align: justify;\">\u00a0Si comincia alle 17.30 al Museo Map di Piazza Kennedy a Pontinia con l&#8217;incontro &#8220;Giallolatino, la narrativa applicata al territorio pontino&#8221;,ovvero come un premio di narrativa nel tempo si \u00e8 trasformato in un festival e in una kermessse nazionale, attirando autori e scrittori da tutt\u2019Italia. Incontro con Andrea Carlo Cappi, Stefano Di Marino, Gian Luca Campagna, Marzia Abruzzese, Patrizia Sperlonga, assessore alla cultura di Pontinia. Il gruppo illustrer\u00e0 come si pu\u00f2 ambientare un racconto giallo e noir in un territorio, promuovendo il patrimonio ambientale, artistico e architettonico, Coniugando turismo e cultura in un vero e proprio progetto di marketing territoriale.<\/p>\n<p style=\"text-align: justify;\">\u00a0Alle ore 20.00 ci si sposta nella struttura dell&#8217;Expo Latina, in via Dei Monti Lepini con Noir Media Days che presenta il talk &#8220;Latina, terra di cinema&#8221;. La FilmCommission Latina presenta per \u2018Noir Media Days\u2019 nell\u2019ambito della rassegna cinematografica \u2018Profondo Giallo&#8217; l\u2019incontro dall\u2019emblematico titolo \u2018Latina, terra di cinema\u2019. Talk con Biagio Proietti, Rino Piccolo, Paolo De Cesare sulle possibilit\u00e0 del territorio pontino di essere meta di un cineturismo diffuso. L\u2019incontro si allargher\u00e0 anche alla sezione \u201cGiallo Reporter\u201d, dibattito col giornalista Giovanni Nerazzini sui gialli della cronaca attuale che attirano la profonda morbosit\u00e0 dell&#8217;opinione pubblica.<\/p>\n<p style=\"text-align: justify;\">\u00a0Alle 21.00 sempre all&#8217;EXpo Latina, Giallo Italia: &#8216;Cha cha cha&#8217;, proiezione del film di Marco Risi. Premio Giallo Italia a \u2018Cha Cha Cha\u2019, film di Marco Risi. Un film che rispecchia la societ\u00e0 contemporanea, in una Roma ai nostri giorni, cinica e grigia degli intrighi, gli affari sporchi, le intercettazioni. Le indagini partono da un incidente stradale che coinvolge un ragazzo di 16 anni. Tutto lascia pensare che si tratti di un incidente ma Corso non ne \u00e8 convinto. In quello stesso giorno viene ritrovato il cadavere di un ingegnere che avrebbe dovuto dare il via all\u2019appalto per un mega centro commerciale nei pressi dell\u2019aeroporto. I due fatti sembrano lontanissimi uno dall\u2019altro. Ma cos\u00ec non \u00e8. Ingresso libero.<\/p>\n<p>&nbsp;<\/p>\n","protected":false},"excerpt":{"rendered":"<p>LATINA &#8211; Torna dal 25 al 29 settembre, Giallolatino, \u00a0festival del giallo e del noir: a Sabaudia, Priverno, \u00a0Aprilia, Pontinia e Bassiano, spazio alla narrativa, al cinema, alla poesia, e poi pittura, cene letterarie e dibattiti per affrontare temi attuali \u00a0con la Fondazione Wanda Vecchi e con i rappresentanti delle forze dell\u2019ordine e del Consiglio [&hellip;]<\/p>\n","protected":false},"author":60,"featured_media":141292,"comment_status":"open","ping_status":"closed","sticky":false,"template":"","format":"standard","meta":{"footnotes":""},"categories":[16],"tags":[],"class_list":["post-141289","post","type-post","status-publish","format-standard","has-post-thumbnail","hentry","category-appuntamenti"],"_links":{"self":[{"href":"https:\/\/www.radioluna.it\/news\/wp-json\/wp\/v2\/posts\/141289","targetHints":{"allow":["GET"]}}],"collection":[{"href":"https:\/\/www.radioluna.it\/news\/wp-json\/wp\/v2\/posts"}],"about":[{"href":"https:\/\/www.radioluna.it\/news\/wp-json\/wp\/v2\/types\/post"}],"author":[{"embeddable":true,"href":"https:\/\/www.radioluna.it\/news\/wp-json\/wp\/v2\/users\/60"}],"replies":[{"embeddable":true,"href":"https:\/\/www.radioluna.it\/news\/wp-json\/wp\/v2\/comments?post=141289"}],"version-history":[{"count":0,"href":"https:\/\/www.radioluna.it\/news\/wp-json\/wp\/v2\/posts\/141289\/revisions"}],"wp:featuredmedia":[{"embeddable":true,"href":"https:\/\/www.radioluna.it\/news\/wp-json\/wp\/v2\/media\/141292"}],"wp:attachment":[{"href":"https:\/\/www.radioluna.it\/news\/wp-json\/wp\/v2\/media?parent=141289"}],"wp:term":[{"taxonomy":"category","embeddable":true,"href":"https:\/\/www.radioluna.it\/news\/wp-json\/wp\/v2\/categories?post=141289"},{"taxonomy":"post_tag","embeddable":true,"href":"https:\/\/www.radioluna.it\/news\/wp-json\/wp\/v2\/tags?post=141289"}],"curies":[{"name":"wp","href":"https:\/\/api.w.org\/{rel}","templated":true}]}}