{"id":141301,"date":"2013-09-20T12:29:10","date_gmt":"2013-09-20T10:29:10","guid":{"rendered":"http:\/\/www.radioluna.it\/news\/?p=141301"},"modified":"2013-09-20T12:29:10","modified_gmt":"2013-09-20T10:29:10","slug":"energy-manager-corso-allordine-degli-ingegneri","status":"publish","type":"post","link":"https:\/\/www.radioluna.it\/news\/2013\/09\/energy-manager-corso-allordine-degli-ingegneri\/","title":{"rendered":"ENERGY MANAGER<BR> Corso all&#8217;ordine degli ingegneri"},"content":{"rendered":"<div id=\"fb-root\"><\/div>\n<p style=\"text-align: justify;\"><a href=\"http:\/\/www.radioluna.it\/news\/wp-content\/uploads\/2013\/09\/energy-manager.jpg\"><img loading=\"lazy\" decoding=\"async\" class=\"alignleft size-full wp-image-141302\" alt=\"energy manager\" src=\"http:\/\/www.radioluna.it\/news\/wp-content\/uploads\/2013\/09\/energy-manager.jpg\" width=\"227\" height=\"222\" srcset=\"https:\/\/www.radioluna.it\/news\/wp-content\/uploads\/2013\/09\/energy-manager.jpg 227w, https:\/\/www.radioluna.it\/news\/wp-content\/uploads\/2013\/09\/energy-manager-50x50.jpg 50w\" sizes=\"auto, (max-width: 227px) 100vw, 227px\" \/><\/a>LATINA &#8211; L&#8217;Ordine degli Ingegneri di Latina forma\u00a0\u201cenergy manager\u201d. In collaborazione con ENEA &#8211; Agenzia Nazionale per le nuove tecnologie, l&#8217;energia e lo sviluppo economico sostenibile e con FIRE &#8211; Federazione Italiana per l&#8217;uso Razionale dell&#8217;Energia &#8211; parte a Latina il Corso di formazione e aggiornamento professionale per &#8220;Energy Manager ed Esperti in Gestione dell&#8217;Energia&#8221;.<\/p>\n<p style=\"text-align: justify;\">Il corso, diretto dall\u2019ingegner Sergio Camillucci dell\u2019Enea e dall\u2019ingegner Luciana D\u2019Ascanio dell\u2019Ordine di Latina, si svolger\u00e0 presso la sede dell&#8217;Ordine &#8211; Piazza A. Celli 3 a Latina da luned\u00ec 23 a venerd\u00ec 27 settembre 2013 dalle ore 9,00 alle 18.30.<\/p>\n<p style=\"text-align: justify;\">Gli energy manager operano nelle aziende, sia industriali che del terziario, nei vari enti pubblici, sia centrali che locali (Regioni, Province, Comuni), nelle aziende sanitarie e negli ospedali, nelle universit\u00e0, nelle aziende di trasporto, ovunque vi siano rilevanti consumi energetici. I posti di lavoro e gli \u201cincarichi professionali\u201d finora assegnati, in ottemperanza alla legge, non coprono assolutamente i numeri attesi; pertanto i corsi, oltre ad aggiornare tecnici gi\u00e0 operanti nei vari settori, presentano opportunit\u00e0 di lavoro per altri tecnici che potranno essere nominati \u201cResponsabili per la conservazione e l&#8217;uso razionale dell&#8217;energia\u201d.<\/p>\n<p style=\"text-align: justify;\">Al corso che si terr\u00e0 a Latina si sono iscritti circa una quarantina di professionisti.\u00a0Il corso prepara i partecipanti a svolgere il ruolo di Energy Manager e di Esperto in Gestione dell\u2019Energia, fornendo: le conoscenze per la corretta gestione dei consumi energetici e degli aspetti correlati di interazione ambientale; le nozioni fondamentali sulla legislazione energetica ed ambientale; le normative tecniche ed i meccanismi di incentivazione dell\u2019Efficienza Energetica e delle Fonti Energetiche Rinnovabili. I\u00a0partecipanti vengono inoltre formati ad eseguire studi di fattibilit\u00e0 corredati da una rigorosa analisi costi-benefici degli investimenti proposti. I corsi si svolgono in cinque giornate di 8 ore ciascuno, di cui una seminariale, per un totale di 40 ore.<\/p>\n<p style=\"text-align: justify;\">\n","protected":false},"excerpt":{"rendered":"<p>LATINA &#8211; L&#8217;Ordine degli Ingegneri di Latina forma\u00a0\u201cenergy manager\u201d. In collaborazione con ENEA &#8211; Agenzia Nazionale per le nuove tecnologie, l&#8217;energia e lo sviluppo economico sostenibile e con FIRE &#8211; Federazione Italiana per l&#8217;uso Razionale dell&#8217;Energia &#8211; parte a Latina il Corso di formazione e aggiornamento professionale per &#8220;Energy Manager ed Esperti in Gestione dell&#8217;Energia&#8221;. [&hellip;]<\/p>\n","protected":false},"author":60,"featured_media":141302,"comment_status":"open","ping_status":"closed","sticky":false,"template":"","format":"standard","meta":{"footnotes":""},"categories":[11],"tags":[],"class_list":["post-141301","post","type-post","status-publish","format-standard","has-post-thumbnail","hentry","category-economia"],"_links":{"self":[{"href":"https:\/\/www.radioluna.it\/news\/wp-json\/wp\/v2\/posts\/141301","targetHints":{"allow":["GET"]}}],"collection":[{"href":"https:\/\/www.radioluna.it\/news\/wp-json\/wp\/v2\/posts"}],"about":[{"href":"https:\/\/www.radioluna.it\/news\/wp-json\/wp\/v2\/types\/post"}],"author":[{"embeddable":true,"href":"https:\/\/www.radioluna.it\/news\/wp-json\/wp\/v2\/users\/60"}],"replies":[{"embeddable":true,"href":"https:\/\/www.radioluna.it\/news\/wp-json\/wp\/v2\/comments?post=141301"}],"version-history":[{"count":0,"href":"https:\/\/www.radioluna.it\/news\/wp-json\/wp\/v2\/posts\/141301\/revisions"}],"wp:featuredmedia":[{"embeddable":true,"href":"https:\/\/www.radioluna.it\/news\/wp-json\/wp\/v2\/media\/141302"}],"wp:attachment":[{"href":"https:\/\/www.radioluna.it\/news\/wp-json\/wp\/v2\/media?parent=141301"}],"wp:term":[{"taxonomy":"category","embeddable":true,"href":"https:\/\/www.radioluna.it\/news\/wp-json\/wp\/v2\/categories?post=141301"},{"taxonomy":"post_tag","embeddable":true,"href":"https:\/\/www.radioluna.it\/news\/wp-json\/wp\/v2\/tags?post=141301"}],"curies":[{"name":"wp","href":"https:\/\/api.w.org\/{rel}","templated":true}]}}