{"id":141326,"date":"2013-09-21T10:12:36","date_gmt":"2013-09-21T08:12:36","guid":{"rendered":"http:\/\/www.radioluna.it\/news\/?p=141326"},"modified":"2013-09-21T10:12:36","modified_gmt":"2013-09-21T08:12:36","slug":"esuberi-alla-plasmon-simeone-fermare-tracollo-dovere-della-politica","status":"publish","type":"post","link":"https:\/\/www.radioluna.it\/news\/2013\/09\/esuberi-alla-plasmon-simeone-fermare-tracollo-dovere-della-politica\/","title":{"rendered":"ESUBERI ALLA PLASMON<BR> Simeone: &#8220;Fermare tracollo dovere della politica&#8221;"},"content":{"rendered":"<div id=\"fb-root\"><\/div>\n<p style=\"text-align: justify;\"><a href=\"http:\/\/www.radioluna.it\/news\/wp-content\/uploads\/2013\/02\/SIMEONE.jpg\"><img loading=\"lazy\" decoding=\"async\" class=\"aligncenter size-full wp-image-132133\" alt=\"SIMEONE\" src=\"http:\/\/www.radioluna.it\/news\/wp-content\/uploads\/2013\/02\/SIMEONE.jpg\" width=\"300\" height=\"168\" \/><\/a>LATINA &#8211;\u00a0l consigliere regionale del Pdl, Giuseppe Simeone, interviene in merito agli annunciati tagli di personale da parte dello storico stabilimento della provincia di Latina. \u201cFermare questo tracollo al fianco delle parti sociali \u00e8 il nostro dovere\u201d, dice Simeone che affida le sue riflessioni alla nota che qui pubblichiamo integralmente.<\/p>\n<p style=\"text-align: justify;\">\u00a0\u00abIl caso Plasmon, azienda storica della provincia di Latina, apre una nuova ferita nel cuore produttivo della provincia di Latina. L\u2019azienda, che produce generi alimentari per l&#8217;infanzia, ha presentato ai sindacati un pesante piano di ristrutturazione che prevede una riduzione di organico per i tre stabilimenti italiani. Annunciati 56 esuberi solo per Latina su un totale di 398 persone impiegate nell\u2019impianto che si trova sulla Pontina. Condivido a pieno le preoccupazioni sollevate dai sindacati e sono vicino ai lavoratori per quanto sta accadendo soprattutto perch\u00e9, a quanto risulta, la Berkshire Hathaway e 3G Capita, subentrate alla Heinz nella propriet\u00e0, non hanno preso in considerazione la possibilit\u00e0 di ricorrere ad ammortizzatori sociali o alla cassa integrazione. La Plasmon \u00e8 solo l\u2019ultima delle aziende che si piegano sotto il peso della crisi e che stanno lasciando un vuoto in colmabile sul nostro territorio. E\u2019 evidente che, anche come istituzioni, non possiamo pi\u00f9 pensare di rincorrere la crisi che sta assumendo dimensioni devastanti a causa del tasso di disoccupazione e del disagio sociale che ne deriva. Non possiamo pi\u00f9 permetterci, come ho detto solo alcuni giorni fa, di perdere tempo o di pensare che prima o poi questa bufera passer\u00e0. Come rappresentanti delle istituzioni abbiamo il dovere, anche morale, di intervenire e di farlo mostrandoci compatti, oltre le ideologie e le bandiere, con un piano di rilancio che passi per una seria politica economica. La stessa che \u00e8 sempre mancata alla provincia di Latina e che deve costruirsi facendo leva sui fondi europei con progetti credibili che possano dare nuovo slancio ai distretti dal nautico all\u2019agroalimentare, dal manifatturiero alle costruzioni. Competitivit\u00e0 economica, accesso al credito, sostegno alle nuove imprese e ricerca sono i pilastri di un nuovo modo di fare economia sul nostro territorio. Se ci uniremo, istituzioni, rappresentati politici a tutti i livelli, parti sociali la nostra provincia potr\u00e0 tornare ad essere un motore di sviluppo e non solo un gigante spossato\u00bb.<\/p>\n<p style=\"text-align: justify;\">\n<p>&nbsp;<\/p>\n<p>&nbsp;<\/p>\n<p>&nbsp;<\/p>\n","protected":false},"excerpt":{"rendered":"<p>LATINA &#8211;\u00a0l consigliere regionale del Pdl, Giuseppe Simeone, interviene in merito agli annunciati tagli di personale da parte dello storico stabilimento della provincia di Latina. \u201cFermare questo tracollo al fianco delle parti sociali \u00e8 il nostro dovere\u201d, dice Simeone che affida le sue riflessioni alla nota che qui pubblichiamo integralmente. \u00a0\u00abIl caso Plasmon, azienda storica [&hellip;]<\/p>\n","protected":false},"author":60,"featured_media":132133,"comment_status":"open","ping_status":"closed","sticky":false,"template":"","format":"standard","meta":{"footnotes":""},"categories":[11,8],"tags":[],"class_list":["post-141326","post","type-post","status-publish","format-standard","has-post-thumbnail","hentry","category-economia","category-politica"],"_links":{"self":[{"href":"https:\/\/www.radioluna.it\/news\/wp-json\/wp\/v2\/posts\/141326","targetHints":{"allow":["GET"]}}],"collection":[{"href":"https:\/\/www.radioluna.it\/news\/wp-json\/wp\/v2\/posts"}],"about":[{"href":"https:\/\/www.radioluna.it\/news\/wp-json\/wp\/v2\/types\/post"}],"author":[{"embeddable":true,"href":"https:\/\/www.radioluna.it\/news\/wp-json\/wp\/v2\/users\/60"}],"replies":[{"embeddable":true,"href":"https:\/\/www.radioluna.it\/news\/wp-json\/wp\/v2\/comments?post=141326"}],"version-history":[{"count":0,"href":"https:\/\/www.radioluna.it\/news\/wp-json\/wp\/v2\/posts\/141326\/revisions"}],"wp:featuredmedia":[{"embeddable":true,"href":"https:\/\/www.radioluna.it\/news\/wp-json\/wp\/v2\/media\/132133"}],"wp:attachment":[{"href":"https:\/\/www.radioluna.it\/news\/wp-json\/wp\/v2\/media?parent=141326"}],"wp:term":[{"taxonomy":"category","embeddable":true,"href":"https:\/\/www.radioluna.it\/news\/wp-json\/wp\/v2\/categories?post=141326"},{"taxonomy":"post_tag","embeddable":true,"href":"https:\/\/www.radioluna.it\/news\/wp-json\/wp\/v2\/tags?post=141326"}],"curies":[{"name":"wp","href":"https:\/\/api.w.org\/{rel}","templated":true}]}}