{"id":141331,"date":"2013-09-21T10:33:01","date_gmt":"2013-09-21T08:33:01","guid":{"rendered":"http:\/\/www.radioluna.it\/news\/?p=141331"},"modified":"2013-09-21T10:36:13","modified_gmt":"2013-09-21T08:36:13","slug":"che-spettacolo-al-moderno-presentata-la-rassegna-per-le-scuole","status":"publish","type":"post","link":"https:\/\/www.radioluna.it\/news\/2013\/09\/che-spettacolo-al-moderno-presentata-la-rassegna-per-le-scuole\/","title":{"rendered":"CHE SPETTACOLO AL MODERNO<BR> Presentata la rassegna per le scuole"},"content":{"rendered":"<div id=\"fb-root\"><\/div>\n<div id=\"attachment_141333\" style=\"width: 310px\" class=\"wp-caption alignleft\"><a href=\"http:\/\/www.radioluna.it\/news\/wp-content\/uploads\/2013\/09\/spqr1.jpg\"><img loading=\"lazy\" decoding=\"async\" aria-describedby=\"caption-attachment-141333\" class=\"size-medium wp-image-141333\" alt=\"Spqr, uno degli spettacoli in cartellone\" src=\"http:\/\/www.radioluna.it\/news\/wp-content\/uploads\/2013\/09\/spqr1-300x200.jpg\" width=\"300\" height=\"200\" srcset=\"https:\/\/www.radioluna.it\/news\/wp-content\/uploads\/2013\/09\/spqr1-300x200.jpg 300w, https:\/\/www.radioluna.it\/news\/wp-content\/uploads\/2013\/09\/spqr1-768x512.jpg 768w, https:\/\/www.radioluna.it\/news\/wp-content\/uploads\/2013\/09\/spqr1-500x334.jpg 500w, https:\/\/www.radioluna.it\/news\/wp-content\/uploads\/2013\/09\/spqr1-600x400.jpg 600w, https:\/\/www.radioluna.it\/news\/wp-content\/uploads\/2013\/09\/spqr1-800x533.jpg 800w, https:\/\/www.radioluna.it\/news\/wp-content\/uploads\/2013\/09\/spqr1.jpg 850w\" sizes=\"auto, (max-width: 300px) 100vw, 300px\" \/><\/a><p id=\"caption-attachment-141333\" class=\"wp-caption-text\">Spqr, uno degli spettacoli in cartellone<\/p><\/div>\n<p style=\"text-align: justify;\">LATINA &#8211; E&#8217; stata presentata la nuova Stagione di \u201cChe Spettacolo Ragazzi&#8221;, rassegna che mira ad offrire agli alunni la possibilit\u00e0 di una riflessione che sia stimolo ad una crescita non solo intellettuale, ma anche umana dell\u2019alunno.<\/p>\n<p style=\"text-align: justify;\">\u201cChe Spettacolo Ragazzi giunge alla V edizione, e sempre pi\u00f9 scuole aderiscono alla nostra realt\u00e0\u201d ha sottolineato il direttore Gianluca Cassandra che ha presentato l\u2019evento. \u201cRealt\u00e0 che \u00e8 fatta di un teatro giovane, giovanile, educativo e ricco. Ricco perch\u00e9 in maniera &#8220;anticongiunturale&#8221; vede la messa in scena di spettacoli con molti attori, grande cura delle scenografie, ricercatezza nell&#8217;adattamento dei testi affinch\u00e9 siano di supporto all&#8217;attivit\u00e0 didattica scolastica. Questi sono i tratti distintivi del teatro del 2013, &#8211; continua il direttore &#8211; invece di lamentare scarsi investimenti da parte di istituzioni, mettiamo mano alle nostre risorse, investiamo su noi stessi e creiamo grandi produzioni. Abbiamo scelto la strada della forza e della credibilit\u00e0 di una stagione che presenta 17 titoli per tutte le fasce scolastiche. La credibilit\u00e0 di una stagione che, ininterrottamente, durer\u00e0 sei mesi con almeno 3 spettacoli al mese; la forza di grandi produzioni che rispettano e rispecchiano quello che oggi \u00e8 il mondo della comunicazione, ovvero grande cura dei dettagli e della ricchezza del prodotto,delle immagini e delle risorse messe in campo, senza tralasciare la qualit\u00e0 e la seriet\u00e0\u201d.<\/p>\n<p style=\"text-align: justify;\">Un cartellone tutto dedicato agli istituti scolastici (scuole materne, elementari, medie e superiori) di Latina e provincia che \u00a0&#8211; spiega ancora Cassandra &#8211; &#8220;\u00e8 diventato un franchising culturale, il primo in Europa, attraverso il quale tutti gli attori del mondo teatro-scuola (teatri, event manager, scuole ed enti pubblici), possono costruire la loro stagione dedicata, nel caso di scuole ed enti, oppure possono pianificare il proprio percorso imprenditoriale, nel caso di teatri e manager. Il tutto con la formula del &#8220;tuo cartellone&#8221;, ovvero un cartellone virtuale da comporre in base alle proprie esigenze strategiche, culturali ed imprenditoriali. La nuova frontiera del teatro che abbraccia il marketing. Che Spettacolo Ragazzi sta viaggiando in tutta Italia e numerosi teatri ed imprenditori stanno aderendo. Oltre a tutto questo, sono lieto di annunciare che i borsisti selezionati per l&#8217;anno 2013-2014 esordiranno, nel prossimo futuro, proprio all&#8217;interno di Che Spettacolo Ragazzi. 15 giovani di Latina che stanno studiando per inserirsi nel nostro circuito di spettacoli. Una prospettiva seria nella quale la formazione \u00e8 strumento per il lavoro, non fine a s\u00e9 stessa\u201d.<\/p>\n<p style=\"text-align: justify;\">Qualche numero: oggi \u201cChe Spettacolo Ragazzi\u201d \u00e8 stato &#8220;acquistato&#8221; da 6 diversi teatri in 6 diverse citt\u00e0 nel territorio di Lazio e Umbria. Nella stagione a venire andranno in scena almeno 90 spettacoli. Questo \u00e8 il segnale che una buona idea funziona. Un&#8217;idea frutto dello studio e della preparazione nei campi del marketing, dell&#8217;impresa e dell&#8217;amministrazione aziendale. Avere necessit\u00e0 di aiuti esterni vorrebbe dire non essere capaci n\u00e9 di fare impresa n\u00e9 di produrre buone idee. Le buone idee viaggiano da sole. Dico spesso le parola impresa e marketing perch\u00e9 sono questi concetti che salveranno il teatro e permetteranno di liberarsi di tante &#8220;zavorre&#8221; che vivacchiano alle spalle dei contribuenti.<\/p>\n<p style=\"text-align: justify;\">Quest\u2019anno torna anche il Premio \u201c5 meno\u201d Citt\u00e0 di Latina, un festival che offre a tutte le scuole della provincia la possibilit\u00e0 di portare in scena su un prestigioso palcoscenico di loro lavori artistici (spettacoli teatrali, concerti\u2026) frutto dell\u2019impegno annuale di laboratori, lavori di classe. L\u2019obiettivo del concorso \u00e8 quello di avvicinare i pi\u00f9 giovani al teatro e all\u2019arte in genere, trasformando il Teatro Moderno in un luogo di condivisione e crescita culturale, importante motore per lo sviluppo della citt\u00e0. Il concorso si pone come un importante momento di incontro tra esperienze di teatro-arte-scuola prodotte nel territorio della provincia di Latina.<\/p>\n<p style=\"text-align: justify;\">Per ulteriori informazioni: 0773.471928 oppure 346.9773339 oppure www.modernolatina.it; www.chespettacoloragazzi.it<\/p>\n<p>&nbsp;<\/p>\n","protected":false},"excerpt":{"rendered":"<p>LATINA &#8211; E&#8217; stata presentata la nuova Stagione di \u201cChe Spettacolo Ragazzi&#8221;, rassegna che mira ad offrire agli alunni la possibilit\u00e0 di una riflessione che sia stimolo ad una crescita non solo intellettuale, ma anche umana dell\u2019alunno. \u201cChe Spettacolo Ragazzi giunge alla V edizione, e sempre pi\u00f9 scuole aderiscono alla nostra realt\u00e0\u201d ha sottolineato il [&hellip;]<\/p>\n","protected":false},"author":60,"featured_media":141333,"comment_status":"open","ping_status":"closed","sticky":false,"template":"","format":"standard","meta":{"footnotes":""},"categories":[16],"tags":[],"class_list":["post-141331","post","type-post","status-publish","format-standard","has-post-thumbnail","hentry","category-appuntamenti"],"_links":{"self":[{"href":"https:\/\/www.radioluna.it\/news\/wp-json\/wp\/v2\/posts\/141331","targetHints":{"allow":["GET"]}}],"collection":[{"href":"https:\/\/www.radioluna.it\/news\/wp-json\/wp\/v2\/posts"}],"about":[{"href":"https:\/\/www.radioluna.it\/news\/wp-json\/wp\/v2\/types\/post"}],"author":[{"embeddable":true,"href":"https:\/\/www.radioluna.it\/news\/wp-json\/wp\/v2\/users\/60"}],"replies":[{"embeddable":true,"href":"https:\/\/www.radioluna.it\/news\/wp-json\/wp\/v2\/comments?post=141331"}],"version-history":[{"count":0,"href":"https:\/\/www.radioluna.it\/news\/wp-json\/wp\/v2\/posts\/141331\/revisions"}],"wp:featuredmedia":[{"embeddable":true,"href":"https:\/\/www.radioluna.it\/news\/wp-json\/wp\/v2\/media\/141333"}],"wp:attachment":[{"href":"https:\/\/www.radioluna.it\/news\/wp-json\/wp\/v2\/media?parent=141331"}],"wp:term":[{"taxonomy":"category","embeddable":true,"href":"https:\/\/www.radioluna.it\/news\/wp-json\/wp\/v2\/categories?post=141331"},{"taxonomy":"post_tag","embeddable":true,"href":"https:\/\/www.radioluna.it\/news\/wp-json\/wp\/v2\/tags?post=141331"}],"curies":[{"name":"wp","href":"https:\/\/api.w.org\/{rel}","templated":true}]}}