{"id":141335,"date":"2013-09-21T10:42:36","date_gmt":"2013-09-21T08:42:36","guid":{"rendered":"http:\/\/www.radioluna.it\/news\/?p=141335"},"modified":"2013-09-21T17:36:39","modified_gmt":"2013-09-21T15:36:39","slug":"nerazzurri-senza-sosta-otto-giorni-full-time-vs-padova-e-brescia","status":"publish","type":"post","link":"https:\/\/www.radioluna.it\/news\/2013\/09\/nerazzurri-senza-sosta-otto-giorni-full-time-vs-padova-e-brescia\/","title":{"rendered":"CALCIO, IL LATINA PENSA GIA&#8217; AL PADOVA <BR> Gli altri risultati di B: vince l&#8217;Empoli, colpo del Bari"},"content":{"rendered":"<div id=\"fb-root\"><\/div>\n<div id=\"attachment_141336\" style=\"width: 310px\" class=\"wp-caption alignleft\"><a href=\"http:\/\/www.radioluna.it\/news\/wp-content\/uploads\/2013\/09\/lt_lanciano-2.jpg\"><img loading=\"lazy\" decoding=\"async\" aria-describedby=\"caption-attachment-141336\" class=\"size-medium wp-image-141336\" alt=\"Latina-Lanciano si \u00e8 conclusa sullo 0-0 (foto Libralato per Latina Calcio)\" src=\"http:\/\/www.radioluna.it\/news\/wp-content\/uploads\/2013\/09\/lt_lanciano-2-300x199.jpg\" width=\"300\" height=\"199\" \/><\/a><p id=\"caption-attachment-141336\" class=\"wp-caption-text\">Latina-Lanciano si \u00e8 conclusa sullo 0-0 (foto Libralato per Latina Calcio)<\/p><\/div>\n<p style=\"text-align: justify;\">LATINA &#8211; Non c&#8217;\u00e8 sosta per i nerazzurri, chiamati ad un vero tour de force . Dopo il pari di venerd\u00ec sul campo del Francioni nell&#8217;anticipo della quinta giornata di campionato, il Latina oggi (sabato 21 settembre) torner\u00e0 ad allenarsi al Morgagni di Borgo Grappa (dalle 11). <span>Domani (domenica 22 settembre) seduta sempre a borgo Grappa (ore 10.30) a porte chiuse, e a porte chiuse andr\u00e0 in scena anche la rifinitura di luned\u00ec (23 settembre) allo stadio Francioni (ore 10). Luned\u00ec pomeriggio (ore 14.15) la squadra partir\u00e0 per Padova, dove marted\u00ec (24 settembre) alle ore 20.30 giocher\u00e0 la sesta giornata di campionato (turno infrasettimanale).<\/span><\/p>\n<p style=\"text-align: justify;\">Mercoled\u00ec (25 settembre) \u00e8 previsto un allenamento mattutino a Padova, poi il Latina lascer\u00e0 il Veneto per fare ritorno nel capoluogo dove sabato 28 settembre ospiter\u00e0 il Brescia nella settima giornata (ore 15). Dopo il ritorno da Padova, gioved\u00ec (26 settembre) la seduta pomeridiana si svolger\u00e0 a porte chiuse a borgo Grappa (ore 15), mentre la rifinitura di venerd\u00ec (27 settembre) andr\u00e0 in scena alle 10.30 al Francioni, sempre a porte chiuse.<\/p>\n<p style=\"text-align: justify;\">Oggi si sono concluse le altre partite di serie B, questi i risultati e tra parentesi i marcatori<\/p>\n<p style=\"text-align: justify;\"><strong>Avellino &#8211; Varese<\/strong> 1-1 (41&#8242; Rea, 64&#8242; Arini)<br \/>\n<strong>Brescia &#8211; Crotone\u00a0<\/strong>1-2\u00a0(39&#8242; Bernardeschi, 43&#8242; Pettinari, 47&#8242; Di Cesare)<br \/>\n<strong>Cesena\u00a0&#8211; Carpi<\/strong> 4-1 (10&#8242; Liviero [A], 71&#8242; D&#8217;Alessandro, 84&#8242; Succi, 87&#8242; Cani, 90&#8242; Succi)<br \/>\n<strong>Cittadella &#8211; Juve Stabia<\/strong>\u00a00-2 (34&#8242; Lanzaro, 58&#8242; Sowe)<br \/>\n<strong>Empoli\u00a0<\/strong>&#8211;<strong> Padova\u00a0<\/strong>3-1 (13&#8242; Pasquato, 60&#8242; Maccarone, 86&#8242; Tonelli, 90&#8242; Tavano)<br \/>\n<strong>Modena\u00a0<\/strong>&#8211;<strong> Trapani<\/strong> 3-1 (31&#8242; Babacar, 43&#8242; Babacar, 58&#8242; Djuric,90&#8242; Mazzarani)<br \/>\n<strong>Pescara<\/strong> &#8211;\u00a0<strong>Bari\u00a0<\/strong>0-1 (14&#8242; Galano)<br \/>\n<strong>Reggina &#8211; Novara<\/strong>\u00a01-1 (27&#8242; Colucci [A], 74&#8242; Fishnaller)<br \/>\n<strong>Siena &#8211; Ternana<\/strong>\u00a01-1 (42&#8242; Antenucci, 67&#8242; Giannetti)<\/p>\n<p style=\"text-align: justify;\">La classifica: <strong>13<\/strong> Empoli; \u00a0<strong>9<\/strong> Lanciano e Cesena; <strong>8<\/strong> Modena, Avellino, Trapani, Varese e Novara; <strong>7<\/strong> Crotone, Spezia, Palermo; \u00a0<strong>6<\/strong> Brescia e Reggina; \u00a0<strong>5<\/strong> Siena, Bari, Ternana e Pescara; \u00a0<strong>4<\/strong> Juve Stabia; \u00a0<strong>3<\/strong> Cittadella, <strong>Latina,<\/strong> Carpi; <strong>0<\/strong> Padova.<\/p>\n<p style=\"text-align: justify;\">\n","protected":false},"excerpt":{"rendered":"<p>LATINA &#8211; Non c&#8217;\u00e8 sosta per i nerazzurri, chiamati ad un vero tour de force . Dopo il pari di venerd\u00ec sul campo del Francioni nell&#8217;anticipo della quinta giornata di campionato, il Latina oggi (sabato 21 settembre) torner\u00e0 ad allenarsi al Morgagni di Borgo Grappa (dalle 11). Domani (domenica 22 settembre) seduta sempre a borgo [&hellip;]<\/p>\n","protected":false},"author":62,"featured_media":141336,"comment_status":"open","ping_status":"closed","sticky":false,"template":"","format":"standard","meta":{"footnotes":""},"categories":[17],"tags":[],"class_list":["post-141335","post","type-post","status-publish","format-standard","has-post-thumbnail","hentry","category-sport"],"_links":{"self":[{"href":"https:\/\/www.radioluna.it\/news\/wp-json\/wp\/v2\/posts\/141335","targetHints":{"allow":["GET"]}}],"collection":[{"href":"https:\/\/www.radioluna.it\/news\/wp-json\/wp\/v2\/posts"}],"about":[{"href":"https:\/\/www.radioluna.it\/news\/wp-json\/wp\/v2\/types\/post"}],"author":[{"embeddable":true,"href":"https:\/\/www.radioluna.it\/news\/wp-json\/wp\/v2\/users\/62"}],"replies":[{"embeddable":true,"href":"https:\/\/www.radioluna.it\/news\/wp-json\/wp\/v2\/comments?post=141335"}],"version-history":[{"count":0,"href":"https:\/\/www.radioluna.it\/news\/wp-json\/wp\/v2\/posts\/141335\/revisions"}],"wp:featuredmedia":[{"embeddable":true,"href":"https:\/\/www.radioluna.it\/news\/wp-json\/wp\/v2\/media\/141336"}],"wp:attachment":[{"href":"https:\/\/www.radioluna.it\/news\/wp-json\/wp\/v2\/media?parent=141335"}],"wp:term":[{"taxonomy":"category","embeddable":true,"href":"https:\/\/www.radioluna.it\/news\/wp-json\/wp\/v2\/categories?post=141335"},{"taxonomy":"post_tag","embeddable":true,"href":"https:\/\/www.radioluna.it\/news\/wp-json\/wp\/v2\/tags?post=141335"}],"curies":[{"name":"wp","href":"https:\/\/api.w.org\/{rel}","templated":true}]}}