{"id":141338,"date":"2013-09-21T10:58:10","date_gmt":"2013-09-21T08:58:10","guid":{"rendered":"http:\/\/www.radioluna.it\/news\/?p=141338"},"modified":"2013-09-21T10:58:10","modified_gmt":"2013-09-21T08:58:10","slug":"concerto-per-la-pace-a-formia","status":"publish","type":"post","link":"https:\/\/www.radioluna.it\/news\/2013\/09\/concerto-per-la-pace-a-formia\/","title":{"rendered":"CONCERTO PER LA PACE A FORMIA"},"content":{"rendered":"<div id=\"fb-root\"><\/div>\n<p style=\"text-align: justify;\">FORMIA &#8211;\u00a0Un concerto per chiedere il silenzio delle armi. L\u2019evento, organizzato dall\u2019assessorato alla Cultura, si terr\u00e0 il 6 ottobre a chiusura della Settimana della Pace, il programma di manifestazioni organizzato dal Coordinamento Nazionale degli Enti Locali per la pace e i diritti umani cui il Comune di Formia ha chiesto di aderire. \u00abIn un particolare momento di tensione internazionale \u2013 spiega il vicesindaco con delega alla Cultura Maria Rita Manzo -, con i nuovi venti di guerra che ne derivano, la citt\u00e0 di Formia pu\u00f2 e deve dare il suo contributo di sostegno alla Settimana della Pace in programma dal 29 settembre al 6 di ottobre. Celebreremo la giornata di chiusura con un concerto. L\u2019invito \u00e8 rivolto a quanti, associazioni e singoli, vogliano essere presenti con le proprie idee e specificit\u00e0 perch\u00e9 si trasmetta insieme un messaggio forte alla citt\u00e0 che si senta sempre pi\u00f9 una citt\u00e0 di pace\u00bb.<\/p>\n","protected":false},"excerpt":{"rendered":"<p>FORMIA &#8211;\u00a0Un concerto per chiedere il silenzio delle armi. L\u2019evento, organizzato dall\u2019assessorato alla Cultura, si terr\u00e0 il 6 ottobre a chiusura della Settimana della Pace, il programma di manifestazioni organizzato dal Coordinamento Nazionale degli Enti Locali per la pace e i diritti umani cui il Comune di Formia ha chiesto di aderire. \u00abIn un particolare [&hellip;]<\/p>\n","protected":false},"author":62,"featured_media":0,"comment_status":"open","ping_status":"closed","sticky":false,"template":"","format":"standard","meta":{"footnotes":""},"categories":[16],"tags":[],"class_list":["post-141338","post","type-post","status-publish","format-standard","hentry","category-appuntamenti"],"_links":{"self":[{"href":"https:\/\/www.radioluna.it\/news\/wp-json\/wp\/v2\/posts\/141338","targetHints":{"allow":["GET"]}}],"collection":[{"href":"https:\/\/www.radioluna.it\/news\/wp-json\/wp\/v2\/posts"}],"about":[{"href":"https:\/\/www.radioluna.it\/news\/wp-json\/wp\/v2\/types\/post"}],"author":[{"embeddable":true,"href":"https:\/\/www.radioluna.it\/news\/wp-json\/wp\/v2\/users\/62"}],"replies":[{"embeddable":true,"href":"https:\/\/www.radioluna.it\/news\/wp-json\/wp\/v2\/comments?post=141338"}],"version-history":[{"count":0,"href":"https:\/\/www.radioluna.it\/news\/wp-json\/wp\/v2\/posts\/141338\/revisions"}],"wp:attachment":[{"href":"https:\/\/www.radioluna.it\/news\/wp-json\/wp\/v2\/media?parent=141338"}],"wp:term":[{"taxonomy":"category","embeddable":true,"href":"https:\/\/www.radioluna.it\/news\/wp-json\/wp\/v2\/categories?post=141338"},{"taxonomy":"post_tag","embeddable":true,"href":"https:\/\/www.radioluna.it\/news\/wp-json\/wp\/v2\/tags?post=141338"}],"curies":[{"name":"wp","href":"https:\/\/api.w.org\/{rel}","templated":true}]}}