{"id":141353,"date":"2013-09-21T19:18:12","date_gmt":"2013-09-21T17:18:12","guid":{"rendered":"http:\/\/www.radioluna.it\/news\/?p=141353"},"modified":"2013-09-21T19:27:44","modified_gmt":"2013-09-21T17:27:44","slug":"calcio-breda-a-90-minuto","status":"publish","type":"post","link":"https:\/\/www.radioluna.it\/news\/2013\/09\/calcio-breda-a-90-minuto\/","title":{"rendered":"CALCIO, BREDA A 90\u00b0 MINUTO <BR> <A Latina pressione e affetto>"},"content":{"rendered":"<div id=\"fb-root\"><\/div>\n<p><a href=\"http:\/\/www.radioluna.it\/news\/wp-content\/uploads\/2013\/09\/PICT0699.jpg\"><img loading=\"lazy\" decoding=\"async\" class=\"alignleft size-thumbnail wp-image-141354\" alt=\"PICT0699\" src=\"http:\/\/www.radioluna.it\/news\/wp-content\/uploads\/2013\/09\/PICT0699-150x150.jpg\" width=\"150\" height=\"150\" srcset=\"https:\/\/www.radioluna.it\/news\/wp-content\/uploads\/2013\/09\/PICT0699-150x150.jpg 150w, https:\/\/www.radioluna.it\/news\/wp-content\/uploads\/2013\/09\/PICT0699-300x300.jpg 300w, https:\/\/www.radioluna.it\/news\/wp-content\/uploads\/2013\/09\/PICT0699-80x80.jpg 80w, https:\/\/www.radioluna.it\/news\/wp-content\/uploads\/2013\/09\/PICT0699-50x50.jpg 50w\" sizes=\"auto, (max-width: 150px) 100vw, 150px\" \/><\/a><\/p>\n<p>LATINA-\u00a0<span style=\"color: #050505;\"><span style=\"font-family: Arial, sans-serif;\">&lt;A Latina c&#8217;\u00e8 molta pressione perch\u00e8 \u00e8 il primo anno in serie B ma devo dire che ieri il pubblico, anche e non abbiamo centrato la vittoria, ci ha accolto benissimo e siamo usciti dal campo tra gli applausi&gt;. E&#8217; quello che ha detto oggi pomeriggio negli studi di Saxa Rubra a 90 Minuto serie B l&#8217;allenatore del Latina Roberto Breda ospite della trasmissione e che ha risposto alle domande anche degli opinionisti che sono due pontini doc: Mario Somma e Vincenzo D&#8217;Amico. &lt;Non far\u00f2 il 3-4-3 \u2013 ha assicurato Breda ad una domanda proprio di Somma \u2013 e ieri contro il Lanciano ho inserito Crimi in quella posizione per cercare di dare maggiore equilibrio alla squadra anche perch\u00e8 aveva subito otto gol in tre partite. Il nostro obiettivo resta la salvezza, siamo una squadra equilibrata e anche se la classifica \u00e8 questa le mie sensazioni sono positive&gt;. (Nella foto accanto Breda negli Studi Rai)<\/span><\/span><\/p>\n<p>&nbsp;<\/p>\n","protected":false},"excerpt":{"rendered":"<p>LATINA-\u00a0&lt;A Latina c&#8217;\u00e8 molta pressione perch\u00e8 \u00e8 il primo anno in serie B ma devo dire che ieri il pubblico, anche e non abbiamo centrato la vittoria, ci ha accolto benissimo e siamo usciti dal campo tra gli applausi&gt;. E&#8217; quello che ha detto oggi pomeriggio negli studi di Saxa Rubra a 90 Minuto serie [&hellip;]<\/p>\n","protected":false},"author":60,"featured_media":141354,"comment_status":"open","ping_status":"closed","sticky":false,"template":"","format":"standard","meta":{"footnotes":""},"categories":[17],"tags":[],"class_list":["post-141353","post","type-post","status-publish","format-standard","has-post-thumbnail","hentry","category-sport"],"_links":{"self":[{"href":"https:\/\/www.radioluna.it\/news\/wp-json\/wp\/v2\/posts\/141353","targetHints":{"allow":["GET"]}}],"collection":[{"href":"https:\/\/www.radioluna.it\/news\/wp-json\/wp\/v2\/posts"}],"about":[{"href":"https:\/\/www.radioluna.it\/news\/wp-json\/wp\/v2\/types\/post"}],"author":[{"embeddable":true,"href":"https:\/\/www.radioluna.it\/news\/wp-json\/wp\/v2\/users\/60"}],"replies":[{"embeddable":true,"href":"https:\/\/www.radioluna.it\/news\/wp-json\/wp\/v2\/comments?post=141353"}],"version-history":[{"count":0,"href":"https:\/\/www.radioluna.it\/news\/wp-json\/wp\/v2\/posts\/141353\/revisions"}],"wp:featuredmedia":[{"embeddable":true,"href":"https:\/\/www.radioluna.it\/news\/wp-json\/wp\/v2\/media\/141354"}],"wp:attachment":[{"href":"https:\/\/www.radioluna.it\/news\/wp-json\/wp\/v2\/media?parent=141353"}],"wp:term":[{"taxonomy":"category","embeddable":true,"href":"https:\/\/www.radioluna.it\/news\/wp-json\/wp\/v2\/categories?post=141353"},{"taxonomy":"post_tag","embeddable":true,"href":"https:\/\/www.radioluna.it\/news\/wp-json\/wp\/v2\/tags?post=141353"}],"curies":[{"name":"wp","href":"https:\/\/api.w.org\/{rel}","templated":true}]}}