{"id":141400,"date":"2013-09-23T16:19:53","date_gmt":"2013-09-23T14:19:53","guid":{"rendered":"http:\/\/www.radioluna.it\/news\/?p=141400"},"modified":"2013-09-23T16:19:53","modified_gmt":"2013-09-23T14:19:53","slug":"padova-latina-nerazzurri-pronti-alla-sesta-giornata","status":"publish","type":"post","link":"https:\/\/www.radioluna.it\/news\/2013\/09\/padova-latina-nerazzurri-pronti-alla-sesta-giornata\/","title":{"rendered":"PADOVA &#8211; LATINA<BR> Nerazzurri pronti alla sesta giornata"},"content":{"rendered":"<div id=\"fb-root\"><\/div>\n<p style=\"text-align: justify;\"><strong><a href=\"http:\/\/www.radioluna.it\/news\/wp-content\/uploads\/2013\/07\/Latina_Calcio_US_bandiera_animata-300x196.gif\"><img loading=\"lazy\" decoding=\"async\" class=\"alignleft size-full wp-image-138736\" alt=\"Latina_Calcio_US_bandiera_animata-300x196\" src=\"http:\/\/www.radioluna.it\/news\/wp-content\/uploads\/2013\/07\/Latina_Calcio_US_bandiera_animata-300x196.gif\" width=\"300\" height=\"196\" \/><\/a>LATINA &#8211;\u00a0<\/strong>Il Latina, reduce da due pareggi consecutivi (contro Cittadella e Virtus Lanciano), domani sar\u00e0 impegnato all&#8217;Euganeo dove sar\u00e0 ospite del Padova: la formazione veneta \u00e8 ancora a zero punti (con una gara in meno perch\u00e9 deve recuperare il match sospeso contro il Carpi). Padova-Latina sar\u00e0 valida per la sesta giornata di campionato (turno infrasettimanale). I nerazzurri stamane si sono allenati al Morgagni di borgo Grappa: la rifinitura si \u00e8 svolta a porte chiuse. Per la trasferta in terra veneta, Roberto Breda ha convocato 22 giocatori: della spedizione non fanno parte oltre a Massacci (scelta tecnica) e Ioime (febbricitante), anche lo squalificato Morrone e gli infortunati Gerbo, De Giosa, Jonathas e Chiric\u00f2 (l&#8217;ex Lecce \u00e8 rimasto a casa per un problema alla caviglia accusato durante la rifinitura di questa mattina). Al termine dell&#8217;allenamento ha parlato, come di consuetudine, il tecnico Roberto Breda: \u201cHo buone sensazioni \u2013 ha dichiarato l&#8217;allenatore nerazzurro \u2013 La buona prestazione fornita contro il Lanciano, nonostante non sia arrivata la vittoria, ha trasmesso al gruppo una maggiore consapevolezza nei propri mezzi. Anche lo spirito \u00e8 quello ideale per affrontare una trasferta cos\u00ec impegnativa. Sicuramente troveremo un avversario motivato al massimo e voglioso di conquistare i primi punti del suo campionato; noi dal canto nostro siamo preparati mentalmente e consapevoli che sar\u00e0 necessario tenere i ritmi alti per evitare di subire la loro pressione\u201d.<\/p>\n<p style=\"text-align: justify;\">I CONVOCATI \u2013 Iacobucci, Pawlowski, Bruscagin, Cottafava, Brosco, Baldan, Esposito, Figliomeni, Bruno, Maltese, Barraco, Crimi, Ristovski, Cejas, Milani, Di Chiara, Alhassan, Ricciardi, Jefferson, Chiric\u00f2, Ghezzal, Negro<\/p>\n<p style=\"text-align: justify;\">Indisponibili: Gerbo, De Giosa, Jonathas, Chiric\u00f2 e Ioime Squalificati: Morrone<\/p>\n<p>&nbsp;<\/p>\n","protected":false},"excerpt":{"rendered":"<p>LATINA &#8211;\u00a0Il Latina, reduce da due pareggi consecutivi (contro Cittadella e Virtus Lanciano), domani sar\u00e0 impegnato all&#8217;Euganeo dove sar\u00e0 ospite del Padova: la formazione veneta \u00e8 ancora a zero punti (con una gara in meno perch\u00e9 deve recuperare il match sospeso contro il Carpi). Padova-Latina sar\u00e0 valida per la sesta giornata di campionato (turno infrasettimanale). [&hellip;]<\/p>\n","protected":false},"author":60,"featured_media":138736,"comment_status":"open","ping_status":"closed","sticky":false,"template":"","format":"standard","meta":{"footnotes":""},"categories":[17],"tags":[],"class_list":["post-141400","post","type-post","status-publish","format-standard","has-post-thumbnail","hentry","category-sport"],"_links":{"self":[{"href":"https:\/\/www.radioluna.it\/news\/wp-json\/wp\/v2\/posts\/141400","targetHints":{"allow":["GET"]}}],"collection":[{"href":"https:\/\/www.radioluna.it\/news\/wp-json\/wp\/v2\/posts"}],"about":[{"href":"https:\/\/www.radioluna.it\/news\/wp-json\/wp\/v2\/types\/post"}],"author":[{"embeddable":true,"href":"https:\/\/www.radioluna.it\/news\/wp-json\/wp\/v2\/users\/60"}],"replies":[{"embeddable":true,"href":"https:\/\/www.radioluna.it\/news\/wp-json\/wp\/v2\/comments?post=141400"}],"version-history":[{"count":0,"href":"https:\/\/www.radioluna.it\/news\/wp-json\/wp\/v2\/posts\/141400\/revisions"}],"wp:featuredmedia":[{"embeddable":true,"href":"https:\/\/www.radioluna.it\/news\/wp-json\/wp\/v2\/media\/138736"}],"wp:attachment":[{"href":"https:\/\/www.radioluna.it\/news\/wp-json\/wp\/v2\/media?parent=141400"}],"wp:term":[{"taxonomy":"category","embeddable":true,"href":"https:\/\/www.radioluna.it\/news\/wp-json\/wp\/v2\/categories?post=141400"},{"taxonomy":"post_tag","embeddable":true,"href":"https:\/\/www.radioluna.it\/news\/wp-json\/wp\/v2\/tags?post=141400"}],"curies":[{"name":"wp","href":"https:\/\/api.w.org\/{rel}","templated":true}]}}