{"id":141442,"date":"2013-09-24T12:35:58","date_gmt":"2013-09-24T10:35:58","guid":{"rendered":"http:\/\/www.radioluna.it\/news\/?p=141442"},"modified":"2013-09-24T12:35:58","modified_gmt":"2013-09-24T10:35:58","slug":"rifiuti-tossici-a-montello-regione-in-campo-commissioni-a-latinae-protocollo-con-il-noe","status":"publish","type":"post","link":"https:\/\/www.radioluna.it\/news\/2013\/09\/rifiuti-tossici-a-montello-regione-in-campo-commissioni-a-latinae-protocollo-con-il-noe\/","title":{"rendered":"RIFIUTI TOSSICI A MONTELLO<BR> Regione in campo: commissioni a Latina<br>e protocollo con il Noe"},"content":{"rendered":"<div id=\"fb-root\"><\/div>\n<div id=\"attachment_644\" style=\"width: 495px\" class=\"wp-caption alignleft\"><a href=\"http:\/\/www.radioluna.it\/news\/wp-content\/uploads\/2010\/04\/discarica.jpg\"><img loading=\"lazy\" decoding=\"async\" aria-describedby=\"caption-attachment-644\" class=\"size-full wp-image-644\" alt=\"La discarica di Borgo Montello\" src=\"http:\/\/www.radioluna.it\/news\/wp-content\/uploads\/2010\/04\/discarica.jpg\" width=\"485\" height=\"200\" srcset=\"https:\/\/www.radioluna.it\/news\/wp-content\/uploads\/2010\/04\/discarica.jpg 485w, https:\/\/www.radioluna.it\/news\/wp-content\/uploads\/2010\/04\/discarica-300x123.jpg 300w\" sizes=\"auto, (max-width: 485px) 100vw, 485px\" \/><\/a><p id=\"caption-attachment-644\" class=\"wp-caption-text\">La discarica di Borgo Montello<\/p><\/div>\n<p style=\"text-align: justify;\">LATINA &#8211;\u00a0La discarica di Borgo Montello e l\u2019interramento di rifiuti tossici interrati denunciato dal pentito Carmine Schiavone saranno oggetto di una seduta straordinaria congiunta delle Commissioni Ambiente e Lotta alla criminalit\u00e0 della Regione Lazio, seduta che si terr\u00e0 a Latina e alla quale parteciperanno gli assessori regionali all\u2019ambiente Fabio Refrigeri e ai rifiuti Michele Civita.<\/p>\n<p style=\"text-align: justify;\">A darne notizia il consigliere pontino Enrico Forte dopo che il Consiglio regionale di ieri, dedicato interamente al tema dei rifiuti, ha accolto la risoluzione presentata dal presidente Nicola Zingaretti tesa a fare luce su quanto accaduto negli ultimi decenni nel sito pontino e a proseguire le verifiche per accertare l\u2019eventuale presenza dei fusti tossici nell\u2019area che da decenni ospita la discarica.<\/p>\n<p style=\"text-align: justify;\">&lt;Si tratta di un passo importante \u2013 sottolinea Forte \u2013 per avere conferme sulla veridicit\u00e0 delle dichiarazioni di Carmine Schiavone che hanno gettato una luce sinistra sulla gestione dei rifiuti e che ci impongono di fare chiarezza non soltanto sul fronte delle infiltrazioni criminali sul nostro territorio ma anche sulla situazione del sito di Borgo Montello dal punto di vista ambientale&gt;.<\/p>\n<p style=\"text-align: justify;\">La riunione congiunta della competenti commissioni regionali non \u00e8 l\u2019unica decisione adottata luned\u00ec in materia di rifiuti. Gioved\u00ec infatti la Giunta regionale proceder\u00e0 all\u2019approvazione di uno specifico protocollo di intesa con il Noe, Nucleo ecologico dei Carabinieri, operativo per l\u2019intero territorio del Lazio dunque anche per la discarica di Latina. Era stato proprio il consigliere regionale pontino a chiedere, con una interrogazione presentata il 5 settembre scorso, la predisposizione di un protocollo con Noe e Arpa Lazio per procedere con il monitoraggio del sito pontino, ritenuto un fondamentale per accertare la presenza dei rifiuti tossici.<\/p>\n<p style=\"text-align: justify;\">&lt;La Regione \u2013 aggiunge Forte \u2013 si \u00e9 inoltre impegnata a reperire tutte le risorse che saranno necessarie per procedere ad una serie e completa opera di bonifica della discarica di Borgo Montello se le dichiarazioni di Schiavone dovessero trovare conferma e ha deciso che si costituir\u00e0 parte civile in un eventuale procedimento nei confronti del pentito Carmine Schiavone. Si tratta di decisioni importanti che dimostrano ancora una volta \u2013 conclude \u2013 la volont\u00e0 del governo regionale di fare totale chiarezza su quanto accaduto nella discarica di Borgo Montello e di mettere in campo tutti gli strumenti esistenti per combattere la presenza di interessi illegali della criminalit\u00e0 organizzata sul territorio della provincia di Latina&gt;.<\/p>\n<p style=\"text-align: justify;\">\n<p style=\"text-align: justify;\">\n","protected":false},"excerpt":{"rendered":"<p>LATINA &#8211;\u00a0La discarica di Borgo Montello e l\u2019interramento di rifiuti tossici interrati denunciato dal pentito Carmine Schiavone saranno oggetto di una seduta straordinaria congiunta delle Commissioni Ambiente e Lotta alla criminalit\u00e0 della Regione Lazio, seduta che si terr\u00e0 a Latina e alla quale parteciperanno gli assessori regionali all\u2019ambiente Fabio Refrigeri e ai rifiuti Michele Civita. [&hellip;]<\/p>\n","protected":false},"author":60,"featured_media":644,"comment_status":"open","ping_status":"closed","sticky":false,"template":"","format":"standard","meta":{"footnotes":""},"categories":[12,8],"tags":[],"class_list":["post-141442","post","type-post","status-publish","format-standard","has-post-thumbnail","hentry","category-ambiente","category-politica"],"_links":{"self":[{"href":"https:\/\/www.radioluna.it\/news\/wp-json\/wp\/v2\/posts\/141442","targetHints":{"allow":["GET"]}}],"collection":[{"href":"https:\/\/www.radioluna.it\/news\/wp-json\/wp\/v2\/posts"}],"about":[{"href":"https:\/\/www.radioluna.it\/news\/wp-json\/wp\/v2\/types\/post"}],"author":[{"embeddable":true,"href":"https:\/\/www.radioluna.it\/news\/wp-json\/wp\/v2\/users\/60"}],"replies":[{"embeddable":true,"href":"https:\/\/www.radioluna.it\/news\/wp-json\/wp\/v2\/comments?post=141442"}],"version-history":[{"count":0,"href":"https:\/\/www.radioluna.it\/news\/wp-json\/wp\/v2\/posts\/141442\/revisions"}],"wp:featuredmedia":[{"embeddable":true,"href":"https:\/\/www.radioluna.it\/news\/wp-json\/wp\/v2\/media\/644"}],"wp:attachment":[{"href":"https:\/\/www.radioluna.it\/news\/wp-json\/wp\/v2\/media?parent=141442"}],"wp:term":[{"taxonomy":"category","embeddable":true,"href":"https:\/\/www.radioluna.it\/news\/wp-json\/wp\/v2\/categories?post=141442"},{"taxonomy":"post_tag","embeddable":true,"href":"https:\/\/www.radioluna.it\/news\/wp-json\/wp\/v2\/tags?post=141442"}],"curies":[{"name":"wp","href":"https:\/\/api.w.org\/{rel}","templated":true}]}}