{"id":141480,"date":"2013-09-25T09:21:46","date_gmt":"2013-09-25T07:21:46","guid":{"rendered":"http:\/\/www.radioluna.it\/news\/?p=141480"},"modified":"2013-09-25T09:21:46","modified_gmt":"2013-09-25T07:21:46","slug":"equo-solidale-e-a-km-zero-apre-a-latina-la-bottega-zai-saman","status":"publish","type":"post","link":"https:\/\/www.radioluna.it\/news\/2013\/09\/equo-solidale-e-a-km-zero-apre-a-latina-la-bottega-zai-saman\/","title":{"rendered":"EQUO, SOLIDALE E A KM ZERO<BR> Apre a Latina la Bottega Zai Saman"},"content":{"rendered":"<div id=\"fb-root\"><\/div>\n<p style=\"text-align: justify;\"><a href=\"http:\/\/www.radioluna.it\/news\/wp-content\/uploads\/2013\/09\/bottega-zai-saman.jpg\"><img loading=\"lazy\" decoding=\"async\" class=\"alignleft size-medium wp-image-141481\" alt=\"bottega zai saman\" src=\"http:\/\/www.radioluna.it\/news\/wp-content\/uploads\/2013\/09\/bottega-zai-saman-214x300.jpg\" width=\"214\" height=\"300\" srcset=\"https:\/\/www.radioluna.it\/news\/wp-content\/uploads\/2013\/09\/bottega-zai-saman-214x300.jpg 214w, https:\/\/www.radioluna.it\/news\/wp-content\/uploads\/2013\/09\/bottega-zai-saman-500x700.jpg 500w, https:\/\/www.radioluna.it\/news\/wp-content\/uploads\/2013\/09\/bottega-zai-saman.jpg 714w\" sizes=\"auto, (max-width: 214px) 100vw, 214px\" \/><\/a>LATINA &#8211;\u00a0Il 28 settembre (alle 18 ) sar\u00e0 inaugurata a Latina la Bottega Sociale Zai Saman in via Saffi 44. Dopo l&#8217;esperienza totalmente volontaria della bottega Estacion Esperanza, tornano nella zona di Santa Maria Goretti\u00a0i prodotti del Commercio Equo Solidale e, una volta a settimana, partecipando al Gruppo di Acquisto Solidale anche prodotti freschi Km zero(frutta e verdura, prodotti caseari e carni).<\/p>\n<div style=\"text-align: justify;\">Nel locale ci sar\u00e0 un&#8217;esposizione di artigianato locale del riuso, riciclo e della tradizione per &#8220;dare spazio e valorizzare i talenti locali&#8221;, spiegano da Zai Saman. &#8221;\u00a0Lo spazio della Bottega si apre a pi\u00f9 attivit\u00e0: il Sostegno alla Genitorialit\u00e0 con Laboratori Educativo Espressivi per minori: compiti, giochi creativi. Il Progetto \u2018Judo scuola di vita\u2019 in collaborazione con la palestra Samurai in via Eroi del Lavoro, educare attraverso il corpo, un modello per l\u2019integrazione.\u00a0Laboratori ludico creativi per ragazzi ed adulti, con progetti che prevedono la partecipazione di genitori e figli per realizzare insieme i giocattoli tradizionali.\u00a0Benessere della persona: Medicina olistica: massaggi e riequilibrio energetico&#8221;.<\/div>\n<div style=\"text-align: justify;\"><\/div>\n<div style=\"text-align: justify;\">Lo spazio sar\u00e0 anche aperto a collaborazioni tra associazioni e gruppi locali per organizzare incontri e dibattiti su argomenti legati alla sostenibilit\u00e0, all\u2019integrazione e all\u2019ambiente. sar\u00e0 attivo anche lo Sportello di Ascolto, finalizzato alla tutela del consumatore nelle controversie con AcquaLatina, ENEL, gas, in collaborazione con l\u2019Associazione Casa dei Diritti Sociali.<\/div>\n<div style=\"text-align: justify;\"><\/div>\n<div style=\"text-align: justify;\">IL PROGRAMMA DELL&#8217;INAUGURAZIONE &#8211; Il 28 settembre\u00a0dalle ore 18,00\u00a0apertura degli spazi espositivi,<\/div>\n<div style=\"text-align: justify;\">dalle \u00a019,00\u00a0Musica concerto con \u2018La Compagnia della Bombarda\u2019 e ArteMigrante i ragazzi del Centro la Pergola.<\/div>\n<div style=\"text-align: justify;\">Presentazione progetti della Bottega Sociale Zai Saman<\/div>\n<div style=\"text-align: justify;\">dalle ore 20,30\u00a0Apericena con prodotti commercio equo e Km 0<\/div>\n<div style=\"text-align: justify;\"><\/div>\n<div style=\"text-align: justify;\">Per informazioni potete scrivere a: <a href=\"mailto:bottegasocialezaisaman@gmail.com\" target=\"_blank\">bottegasocialezaisaman@gmail.com<\/a><\/div>\n<div>Per partecipare e seguire le nostre iniziative su facebook: Bottega Sociale Zai Saman<\/div>\n<div>\n<div>\n<div dir=\"ltr\">\n<div>\n<\/div>\n<\/div>\n<\/div>\n<\/div>\n","protected":false},"excerpt":{"rendered":"<p>LATINA &#8211;\u00a0Il 28 settembre (alle 18 ) sar\u00e0 inaugurata a Latina la Bottega Sociale Zai Saman in via Saffi 44. Dopo l&#8217;esperienza totalmente volontaria della bottega Estacion Esperanza, tornano nella zona di Santa Maria Goretti\u00a0i prodotti del Commercio Equo Solidale e, una volta a settimana, partecipando al Gruppo di Acquisto Solidale anche prodotti freschi Km [&hellip;]<\/p>\n","protected":false},"author":62,"featured_media":141481,"comment_status":"open","ping_status":"closed","sticky":false,"template":"","format":"standard","meta":{"footnotes":""},"categories":[16],"tags":[],"class_list":["post-141480","post","type-post","status-publish","format-standard","has-post-thumbnail","hentry","category-appuntamenti"],"_links":{"self":[{"href":"https:\/\/www.radioluna.it\/news\/wp-json\/wp\/v2\/posts\/141480","targetHints":{"allow":["GET"]}}],"collection":[{"href":"https:\/\/www.radioluna.it\/news\/wp-json\/wp\/v2\/posts"}],"about":[{"href":"https:\/\/www.radioluna.it\/news\/wp-json\/wp\/v2\/types\/post"}],"author":[{"embeddable":true,"href":"https:\/\/www.radioluna.it\/news\/wp-json\/wp\/v2\/users\/62"}],"replies":[{"embeddable":true,"href":"https:\/\/www.radioluna.it\/news\/wp-json\/wp\/v2\/comments?post=141480"}],"version-history":[{"count":0,"href":"https:\/\/www.radioluna.it\/news\/wp-json\/wp\/v2\/posts\/141480\/revisions"}],"wp:featuredmedia":[{"embeddable":true,"href":"https:\/\/www.radioluna.it\/news\/wp-json\/wp\/v2\/media\/141481"}],"wp:attachment":[{"href":"https:\/\/www.radioluna.it\/news\/wp-json\/wp\/v2\/media?parent=141480"}],"wp:term":[{"taxonomy":"category","embeddable":true,"href":"https:\/\/www.radioluna.it\/news\/wp-json\/wp\/v2\/categories?post=141480"},{"taxonomy":"post_tag","embeddable":true,"href":"https:\/\/www.radioluna.it\/news\/wp-json\/wp\/v2\/tags?post=141480"}],"curies":[{"name":"wp","href":"https:\/\/api.w.org\/{rel}","templated":true}]}}