{"id":141483,"date":"2013-09-25T09:52:59","date_gmt":"2013-09-25T07:52:59","guid":{"rendered":"http:\/\/www.radioluna.it\/news\/?p=141483"},"modified":"2013-09-25T09:52:59","modified_gmt":"2013-09-25T07:52:59","slug":"latina-domani-alla-fiera-del-turismo-presenta-ciclabili-e-citta-museo","status":"publish","type":"post","link":"https:\/\/www.radioluna.it\/news\/2013\/09\/latina-domani-alla-fiera-del-turismo-presenta-ciclabili-e-citta-museo\/","title":{"rendered":"&#8220;LATINA DOMANI&#8221; ALLA FIERA DEL TURISMO<BR> Presenta ciclabili e citt\u00e0-museo"},"content":{"rendered":"<div id=\"fb-root\"><\/div>\n<div id=\"attachment_141484\" style=\"width: 310px\" class=\"wp-caption alignleft\"><a href=\"http:\/\/www.radioluna.it\/news\/wp-content\/uploads\/2013\/09\/latina-domani.jpg\"><img loading=\"lazy\" decoding=\"async\" aria-describedby=\"caption-attachment-141484\" class=\"size-medium wp-image-141484\" alt=\"Il gruppo di Latina Domani \" src=\"http:\/\/www.radioluna.it\/news\/wp-content\/uploads\/2013\/09\/latina-domani-300x183.jpg\" width=\"300\" height=\"183\" srcset=\"https:\/\/www.radioluna.it\/news\/wp-content\/uploads\/2013\/09\/latina-domani-300x183.jpg 300w, https:\/\/www.radioluna.it\/news\/wp-content\/uploads\/2013\/09\/latina-domani-768x470.jpg 768w, https:\/\/www.radioluna.it\/news\/wp-content\/uploads\/2013\/09\/latina-domani-500x306.jpg 500w, https:\/\/www.radioluna.it\/news\/wp-content\/uploads\/2013\/09\/latina-domani-800x489.jpg 800w, https:\/\/www.radioluna.it\/news\/wp-content\/uploads\/2013\/09\/latina-domani.jpg 960w\" sizes=\"auto, (max-width: 300px) 100vw, 300px\" \/><\/a><p id=\"caption-attachment-141484\" class=\"wp-caption-text\">Il gruppo di Latina Domani<\/p><\/div>\n<p style=\"text-align: justify;\">LATINA &#8211;\u00a0Ci sar\u00e0 anche il comitato Latina Domani alla fiera del turismo sportivo che si terr\u00e0 nel nuovo polo fieristico Expo di Latina dal 27 al 29 settembre prossimi.\u00a0Il comitato sar\u00e0 presente con due stand, uno dei quali interamente dedicato all\u2019associazione Latina in Bicicletta e ad uno dei tre progetti del comitato, il \u201cSentiero della Bonifica\u201d (percorso per ciclisti, podisti e cavallerizzi, lungo 32 Km, che collegherebbe i giardini di Ninfa al lago di Fogliano attraverso gli argini che corrono lungo il canale delle acque medie), per il quale si continueranno a raccogliere le firme da presentare poi in Regione per richiedere, con pi\u00f9 forza e dimostrando l\u2019interesse di molti, la sua realizzazione.<\/p>\n<p align=\"JUSTIFY\">&#8220;Ad essere presentato non sar\u00e0 solo il \u201cSentiero della Bonifica\u201d \u00a0&#8211; anticipano in una nota dall&#8217;Associaizone &#8211; ma anche gli altri due progetti pensati dalle diverse associazioni che formano il comitato (Rinascita Civile, Latina in Bicicletta, Giovani Emozioni, Agesci Latina1, Aria Nuova, I Triangoli) ossia \u201cLatina Citt\u00e0 Museo\u201d e \u201cImmagina la tua universit\u00e0\u201d. Progetti che, seppur non parrebbero a prima vista direttamente inerenti al tema del turismo sportivo, sono in realt\u00e0 strettamente interconnessi tra loro e con il progetto del Sentiero della Bonifica: tutti infatti mirano ad una citt\u00e0 diversa, dove natura, cultura, universit\u00e0 e ricerca divengono i motori per uno sviluppo sostenibile. Il progetto \u201cLatina Citt\u00e0 Museo\u201d ad esempio, propone la creazione di percorsi ed itinerari a tema per promuovere una diversa e pi\u00f9 innovativa visione del museo diffuso (costituito da luoghi, edifici, spazi ed elementi paesaggistici che caratterizzano il nostro territorio), articolato in pi\u00f9 sedi collegabili con percorsi ciclabili e trasporti pubblici. Prevede inoltre l\u2019installazione di totem informativi e degli ancora pi\u00f9 innovativi city box, veri e propri elementi architettonici da posizionare nei punti di maggior interesse della citt\u00e0: non semplici box informativi, ma point ospitanti stazioni di bike sharing, esposizioni temporanee, spazi pubblicitari per aziende locali o nazionali finanzianti il progetto e zona free wi-fi&#8221;.<\/p>\n<p align=\"JUSTIFY\">I progetti sono gi\u00e0 consultabili collegandosi alla pagina Fb del comitato \u201cLatina Domani\u201d.<\/p>\n<p align=\"JUSTIFY\">Latina Domani segnala in particolare il convegno: \u201cLe vie pontine d\u2019acqua e di terra sulla cima del mondo\u201d previsto per le 10.30 di domenica 29 settembre, nella sala convegni dell\u2019Expo: &#8220;In quell\u2019occasione si effettuer\u00e0 un parallelo tra l\u2019impresa dell\u2019alpinista pontino, Daniele Nardi (che ha raggiunto la cima del K2 grazie ad un allenamento svolto proprio nel nostro territorio) e la particolare conformazione dell\u2019agro pontino che, spaziando dai monti Lepini, Ausoni ed Aurunci fino al mare in pochi chilometri (attraverso laghi, pianure e canali della pi\u00f9 famosa bonifica italiana) rappresenta un\u2019ottima opportunit\u00e0 proprio per la mobilit\u00e0 ed il turismo sostenibile ed ecocompatibile. In quell\u2019occasione una rappresentante del comitato sar\u00e0 affiancata dallo stesso Daniele Nardi (che racconter\u00e0 la propria esperienza anche attraverso alcuni filmati) il quale si avvicender\u00e0 con rappresentanti di altre associazioni (Latina in Bicicletta, Comitato Argini e Ippovie pontine) che alterneranno la descrizione dell\u2019esistente alla progettualit\u00e0 che si auspica diventi presto realt\u00e0&#8221;.<\/p>\n<p align=\"JUSTIFY\">Sar\u00e0 presente alla conferenza anche il professor Fabio Massimo Mascioli, in rappresentanza del Pomos (Polo Mobilit\u00e0 Sostenibile della Regione Lazio) e del progetto Bonifica 2.0, che lo stesso comitato Latina Domani desidera diventi un vero e proprio \u201cprogetto madre\u201d che funga da incubatore per tutte le altre iniziative e progetti ideati da associazioni e privati in ambito turistico (non solamente sportivo) che potranno trovare proprio nel Pomos un prezioso contributo tecnico e scientifico.<\/p>\n","protected":false},"excerpt":{"rendered":"<p>LATINA &#8211;\u00a0Ci sar\u00e0 anche il comitato Latina Domani alla fiera del turismo sportivo che si terr\u00e0 nel nuovo polo fieristico Expo di Latina dal 27 al 29 settembre prossimi.\u00a0Il comitato sar\u00e0 presente con due stand, uno dei quali interamente dedicato all\u2019associazione Latina in Bicicletta e ad uno dei tre progetti del comitato, il \u201cSentiero della [&hellip;]<\/p>\n","protected":false},"author":62,"featured_media":141484,"comment_status":"open","ping_status":"closed","sticky":false,"template":"","format":"standard","meta":{"footnotes":""},"categories":[16],"tags":[],"class_list":["post-141483","post","type-post","status-publish","format-standard","has-post-thumbnail","hentry","category-appuntamenti"],"_links":{"self":[{"href":"https:\/\/www.radioluna.it\/news\/wp-json\/wp\/v2\/posts\/141483","targetHints":{"allow":["GET"]}}],"collection":[{"href":"https:\/\/www.radioluna.it\/news\/wp-json\/wp\/v2\/posts"}],"about":[{"href":"https:\/\/www.radioluna.it\/news\/wp-json\/wp\/v2\/types\/post"}],"author":[{"embeddable":true,"href":"https:\/\/www.radioluna.it\/news\/wp-json\/wp\/v2\/users\/62"}],"replies":[{"embeddable":true,"href":"https:\/\/www.radioluna.it\/news\/wp-json\/wp\/v2\/comments?post=141483"}],"version-history":[{"count":0,"href":"https:\/\/www.radioluna.it\/news\/wp-json\/wp\/v2\/posts\/141483\/revisions"}],"wp:featuredmedia":[{"embeddable":true,"href":"https:\/\/www.radioluna.it\/news\/wp-json\/wp\/v2\/media\/141484"}],"wp:attachment":[{"href":"https:\/\/www.radioluna.it\/news\/wp-json\/wp\/v2\/media?parent=141483"}],"wp:term":[{"taxonomy":"category","embeddable":true,"href":"https:\/\/www.radioluna.it\/news\/wp-json\/wp\/v2\/categories?post=141483"},{"taxonomy":"post_tag","embeddable":true,"href":"https:\/\/www.radioluna.it\/news\/wp-json\/wp\/v2\/tags?post=141483"}],"curies":[{"name":"wp","href":"https:\/\/api.w.org\/{rel}","templated":true}]}}