{"id":141507,"date":"2013-09-25T17:22:42","date_gmt":"2013-09-25T15:22:42","guid":{"rendered":"http:\/\/www.radioluna.it\/news\/?p=141507"},"modified":"2013-09-25T17:22:42","modified_gmt":"2013-09-25T15:22:42","slug":"era-accusato-di-violenza-assolto","status":"publish","type":"post","link":"https:\/\/www.radioluna.it\/news\/2013\/09\/era-accusato-di-violenza-assolto\/","title":{"rendered":"ERA ACCUSATO DI VIOLENZA<BR> Assolto"},"content":{"rendered":"<div id=\"fb-root\"><\/div>\n<div style=\"text-align: justify;\" align=\"left\">\n<div id=\"attachment_126094\" style=\"width: 310px\" class=\"wp-caption alignleft\"><a href=\"http:\/\/www.radioluna.it\/news\/wp-content\/uploads\/2012\/10\/Piazza-del-tribunale-con-seminatore.jpg\"><img loading=\"lazy\" decoding=\"async\" aria-describedby=\"caption-attachment-126094\" class=\"size-medium wp-image-126094\" alt=\"Tribunale\" src=\"http:\/\/www.radioluna.it\/news\/wp-content\/uploads\/2012\/10\/Piazza-del-tribunale-con-seminatore-300x224.jpg\" width=\"300\" height=\"224\" srcset=\"https:\/\/www.radioluna.it\/news\/wp-content\/uploads\/2012\/10\/Piazza-del-tribunale-con-seminatore-300x224.jpg 300w, https:\/\/www.radioluna.it\/news\/wp-content\/uploads\/2012\/10\/Piazza-del-tribunale-con-seminatore-500x375.jpg 500w, https:\/\/www.radioluna.it\/news\/wp-content\/uploads\/2012\/10\/Piazza-del-tribunale-con-seminatore.jpg 667w\" sizes=\"auto, (max-width: 300px) 100vw, 300px\" \/><\/a><p id=\"caption-attachment-126094\" class=\"wp-caption-text\">Tribunale<\/p><\/div>\n<p><strong>LATINA-<\/strong> Era accusato di aver violentato la cameriera di un ristorante pizzeria di Latina, un uomo di Latina di 43 anni \u00e8 stato assolto oggi in Tribunale dall&#8217;accusa di violenza sessuale. I fatti contestati erano avvenuti nell&#8217;estate del 2006 e la parte offesa aveva sostenuto di aver subito degli abusi da parte dell&#8217;uomo in auto mentre la stava riaccompagnando a casa. Nel corso del dibattimento che si \u00e8 svolto davanti al Collegio Penale la difesa ha sostenuto l&#8217;inattendibilit\u00e0 della versione offerta dalla parte offesa che \u00e8 stata sottoposta anche ad una perizia: il Pm per l&#8217;imputato aveva chiesto 4 anni e sei mesi di reclusione.<\/div>\n","protected":false},"excerpt":{"rendered":"<p>LATINA- Era accusato di aver violentato la cameriera di un ristorante pizzeria di Latina, un uomo di Latina di 43 anni \u00e8 stato assolto oggi in Tribunale dall&#8217;accusa di violenza sessuale. I fatti contestati erano avvenuti nell&#8217;estate del 2006 e la parte offesa aveva sostenuto di aver subito degli abusi da parte dell&#8217;uomo in auto [&hellip;]<\/p>\n","protected":false},"author":60,"featured_media":126094,"comment_status":"open","ping_status":"closed","sticky":false,"template":"","format":"standard","meta":{"footnotes":""},"categories":[7],"tags":[],"class_list":["post-141507","post","type-post","status-publish","format-standard","has-post-thumbnail","hentry","category-cronaca"],"_links":{"self":[{"href":"https:\/\/www.radioluna.it\/news\/wp-json\/wp\/v2\/posts\/141507","targetHints":{"allow":["GET"]}}],"collection":[{"href":"https:\/\/www.radioluna.it\/news\/wp-json\/wp\/v2\/posts"}],"about":[{"href":"https:\/\/www.radioluna.it\/news\/wp-json\/wp\/v2\/types\/post"}],"author":[{"embeddable":true,"href":"https:\/\/www.radioluna.it\/news\/wp-json\/wp\/v2\/users\/60"}],"replies":[{"embeddable":true,"href":"https:\/\/www.radioluna.it\/news\/wp-json\/wp\/v2\/comments?post=141507"}],"version-history":[{"count":0,"href":"https:\/\/www.radioluna.it\/news\/wp-json\/wp\/v2\/posts\/141507\/revisions"}],"wp:featuredmedia":[{"embeddable":true,"href":"https:\/\/www.radioluna.it\/news\/wp-json\/wp\/v2\/media\/126094"}],"wp:attachment":[{"href":"https:\/\/www.radioluna.it\/news\/wp-json\/wp\/v2\/media?parent=141507"}],"wp:term":[{"taxonomy":"category","embeddable":true,"href":"https:\/\/www.radioluna.it\/news\/wp-json\/wp\/v2\/categories?post=141507"},{"taxonomy":"post_tag","embeddable":true,"href":"https:\/\/www.radioluna.it\/news\/wp-json\/wp\/v2\/tags?post=141507"}],"curies":[{"name":"wp","href":"https:\/\/api.w.org\/{rel}","templated":true}]}}