{"id":141544,"date":"2013-09-26T12:51:55","date_gmt":"2013-09-26T10:51:55","guid":{"rendered":"http:\/\/www.radioluna.it\/news\/?p=141544"},"modified":"2013-09-26T12:51:55","modified_gmt":"2013-09-26T10:51:55","slug":"volley-il-pontino-rossini-agli-europei-e-di-formia-il-libero-degli-azzurri","status":"publish","type":"post","link":"https:\/\/www.radioluna.it\/news\/2013\/09\/volley-il-pontino-rossini-agli-europei-e-di-formia-il-libero-degli-azzurri\/","title":{"rendered":"VOLLEY IL PONTINO ROSSINI AGLI EUROPEI<BR> E&#8217; di Formia il libero degli azzurri"},"content":{"rendered":"<div id=\"fb-root\"><\/div>\n<p><a href=\"http:\/\/www.radioluna.it\/news\/wp-content\/uploads\/2013\/07\/rossini-1.jpg\"><img loading=\"lazy\" decoding=\"async\" class=\"alignleft size-full wp-image-138665\" alt=\"rossini (1)\" src=\"http:\/\/www.radioluna.it\/news\/wp-content\/uploads\/2013\/07\/rossini-1.jpg\" width=\"300\" height=\"281\" \/><\/a>LATINA &#8211;\u00a0Sabato e domenica allo stadio del calcio di Copenaghen il volley sar\u00e0 protagonista. Il Parken (38 mila posti), che ospita le partite della Nazionale, verr\u00e0 trasformato in Arena Parken per ospitare le semifinali e finali dell\u2019Europeo. In Norvegia ci saranno anche\u00a0due atleti di casa nostra, che il prossimo anno giocheranno nell\u2019Andreoli Latina: Salvatore Rossini, di Formia (in foto) \u00a0e Todor Skrimov. Sicuramente uno dei due porter\u00e0 una medaglia al collo al suo arrivo nel capoluogo pontino. Una medaglia pesante perch\u00e9 saranno avversari in semifinale sabato alle 18. Il formiano Rossini ci arriva come libero degli azzurri. E c&#8217;\u00e8 dell&#8217;altro.<\/p>\n<p style=\"text-align: justify;\">Nell\u2019altra semifinale ci sar\u00e0 la favorita Russia con la sempre presente Serbia. Nelle file della formazione di Igor Kolakovic ci sono tre ex pontini: Milos Nikic (2009-10), Sasa Starovic (2010-11) e Nikola Kovacevic (2010-11) che nei quarti hanno eliminato la \u201crivelazione del torneo\u201d Belgio di Pieter Verhees. Per lui, oltre a uno storico settimo posto (bisogna tornare indietro a Gand 1987 per trovare una simile prestazione), un torneo giocato ad altissimo livello con voti Cev altissimi (6.7, 6.6, 6.8 e 7.1) dati da 42 punti fatti, 2 ace, 8 muri e il 67% in attacco (32 palloni messi a terra su 48 giocati).<\/p>\n<p style=\"text-align: justify;\">\u00a0Roberto Santilli: \u201cL\u2019Europeo che viene dopo una Olimpiadi \u00e8 sempre una manifestazione dove si trovano giocatori nuovi quindi squadre meno rodate. \u00c8 una manifestazione dove si rinfrescano molto i sestetti. Bisogna prenderlo cos\u00ec. Ne escono fori giocatori interessanti e questo \u00e8 l\u2019aspetto positivo. Siamo contenti per Salvatore che si appresta a disputare una semifinale continentale, importante per la sua carriera. Lo stesso vale per Skrimov, anche se lui ha gi\u00e0 giocato un\u2019Olimpiadi. La Russia? Makarov, Verbov e Spiridonov li conosco bene perch\u00e9 li ho allenati, credo che sia la favorita anche se non mi stupirei di vedere altre sorprese\u201d.<\/p>\n<p>&nbsp;<\/p>\n","protected":false},"excerpt":{"rendered":"<p>LATINA &#8211;\u00a0Sabato e domenica allo stadio del calcio di Copenaghen il volley sar\u00e0 protagonista. Il Parken (38 mila posti), che ospita le partite della Nazionale, verr\u00e0 trasformato in Arena Parken per ospitare le semifinali e finali dell\u2019Europeo. In Norvegia ci saranno anche\u00a0due atleti di casa nostra, che il prossimo anno giocheranno nell\u2019Andreoli Latina: Salvatore Rossini, [&hellip;]<\/p>\n","protected":false},"author":60,"featured_media":138665,"comment_status":"open","ping_status":"closed","sticky":false,"template":"","format":"standard","meta":{"footnotes":""},"categories":[17],"tags":[],"class_list":["post-141544","post","type-post","status-publish","format-standard","has-post-thumbnail","hentry","category-sport"],"_links":{"self":[{"href":"https:\/\/www.radioluna.it\/news\/wp-json\/wp\/v2\/posts\/141544","targetHints":{"allow":["GET"]}}],"collection":[{"href":"https:\/\/www.radioluna.it\/news\/wp-json\/wp\/v2\/posts"}],"about":[{"href":"https:\/\/www.radioluna.it\/news\/wp-json\/wp\/v2\/types\/post"}],"author":[{"embeddable":true,"href":"https:\/\/www.radioluna.it\/news\/wp-json\/wp\/v2\/users\/60"}],"replies":[{"embeddable":true,"href":"https:\/\/www.radioluna.it\/news\/wp-json\/wp\/v2\/comments?post=141544"}],"version-history":[{"count":0,"href":"https:\/\/www.radioluna.it\/news\/wp-json\/wp\/v2\/posts\/141544\/revisions"}],"wp:featuredmedia":[{"embeddable":true,"href":"https:\/\/www.radioluna.it\/news\/wp-json\/wp\/v2\/media\/138665"}],"wp:attachment":[{"href":"https:\/\/www.radioluna.it\/news\/wp-json\/wp\/v2\/media?parent=141544"}],"wp:term":[{"taxonomy":"category","embeddable":true,"href":"https:\/\/www.radioluna.it\/news\/wp-json\/wp\/v2\/categories?post=141544"},{"taxonomy":"post_tag","embeddable":true,"href":"https:\/\/www.radioluna.it\/news\/wp-json\/wp\/v2\/tags?post=141544"}],"curies":[{"name":"wp","href":"https:\/\/api.w.org\/{rel}","templated":true}]}}