{"id":141571,"date":"2013-09-27T10:41:02","date_gmt":"2013-09-27T08:41:02","guid":{"rendered":"http:\/\/www.radioluna.it\/news\/?p=141571"},"modified":"2013-09-27T10:42:32","modified_gmt":"2013-09-27T08:42:32","slug":"campionati-canottaggio-a-sabaudia-allenamenti-e-gare-sul-lago-per-800-atleti-al-via-anche-il-fiamme-gialle-day","status":"publish","type":"post","link":"https:\/\/www.radioluna.it\/news\/2013\/09\/campionati-canottaggio-a-sabaudia-allenamenti-e-gare-sul-lago-per-800-atleti-al-via-anche-il-fiamme-gialle-day\/","title":{"rendered":"CAMPIONATI CANOTTAGGIO A SABAUDIA<BR> Allenamenti e gare sul lago per 800 atleti<br> Al via anche il Fiamme Gialle Day"},"content":{"rendered":"<div id=\"fb-root\"><\/div>\n<div id=\"attachment_141572\" style=\"width: 310px\" class=\"wp-caption alignleft\"><a href=\"http:\/\/www.radioluna.it\/news\/wp-content\/uploads\/2013\/09\/tribuna-campionati-canottaggio.jpg\"><img loading=\"lazy\" decoding=\"async\" aria-describedby=\"caption-attachment-141572\" class=\"size-medium wp-image-141572\" alt=\"La tribuna allestita nell'area della caserma dell'Aeronautica Militare per i Campionati di  Canottaggio\" src=\"http:\/\/www.radioluna.it\/news\/wp-content\/uploads\/2013\/09\/tribuna-campionati-canottaggio-300x225.jpg\" width=\"300\" height=\"225\" srcset=\"https:\/\/www.radioluna.it\/news\/wp-content\/uploads\/2013\/09\/tribuna-campionati-canottaggio-300x225.jpg 300w, https:\/\/www.radioluna.it\/news\/wp-content\/uploads\/2013\/09\/tribuna-campionati-canottaggio-768x576.jpg 768w, https:\/\/www.radioluna.it\/news\/wp-content\/uploads\/2013\/09\/tribuna-campionati-canottaggio-500x375.jpg 500w, https:\/\/www.radioluna.it\/news\/wp-content\/uploads\/2013\/09\/tribuna-campionati-canottaggio-800x600.jpg 800w, https:\/\/www.radioluna.it\/news\/wp-content\/uploads\/2013\/09\/tribuna-campionati-canottaggio.jpg 1000w\" sizes=\"auto, (max-width: 300px) 100vw, 300px\" \/><\/a><p id=\"caption-attachment-141572\" class=\"wp-caption-text\">Panorama eccezionale sul Lago di Paola per la tribuna allestita nell&#8217;area della caserma dell&#8217;Aeronautica Militare in occasione dei Campionati di Canottaggio<\/p><\/div>\n<p style=\"text-align: justify;\">SABAUDIA &#8211;\u00a0Sabaudia si riempie di atleti, saranno quasi 800 quelli che arriveranno entro stasera da tutta Italia per i campionati assoluti, juniores e pararowing di canottaggio, 117esima edizione. Grande fermento in citt\u00e0, l&#8217;aria che si respira \u00e8 quella delle grandi occasioni con un centinaio di \u00a0persone mobilitate in vario modo \u00a0per la competizione sportiva che si svolger\u00e0 tra sabato e domenica sul Lago di Paola (prima le eliminatorie, poi domenica, semifinali e finali). E&#8217; la prima volta che un campionato assoluto si tiene nella citt\u00e0 del Parco, saranno 35 i titoli assegnati al termine delle gare.<\/p>\n<p style=\"text-align: justify;\">&#8220;Da anni non si vedeva \u00a0un entusiasmo cos\u00ec&#8221;, dicono soddisfatti i militari al lavoro in quello che \u00e8 uno dei pi\u00f9 straordinari balconi sullo specchio d&#8217;acqua, la sede del\u00a0Centro Sportivo Remiero della Marina Militare.\u00a0 Tutta la citt\u00e0 \u00e8 mobilitata: pronta la tribuna dalla quale si potranno seguire le gare che coinvolgono 92 societ\u00e0 sportive e 776 atleti. Tra loro anche l&#8217;olimpionico di Priverno Romano Battisti e gli atri campioni del remo nati sulle acque del Lago di Paola, come Simone Venier di Terracina e\u00a0\u00a0Simone Ranieri, Laura Milani ed Elisabetta Sancassani equipaggio che ha conquistato la prima medaglia d&#8217;oro nel canottaggio femminile ai Mondiali di Corea. L\u00a0&#8216;ingresso all&#8217;area \u00e8 libero.<\/p>\n<p style=\"text-align: justify;\">FIAMME GIALLE DAY &#8211; L&#8217;occasione dei Campionati \u00e8 perfetta per celebrare anche una ricorrenza speciale : i 60 anni di canoa e canottaggio delle Fiamme Gialle &#8220;1953-2013&#8221;. I festeggiamenti, con un evento dedicato ai giovani, cominceranno sabato mattina in Piazza del Comune alle 10, con le esibizioni degli atleti di tutte le discipline sportive (oltre a quelle del remo, scherma, atletica, vela , judo, karate) . Per tutta la giornata, presso lo stand del canottaggio, \u00a0sar\u00e0 \u00a0presente anche il plurimedagliato olimpico Alessio Sartori. Domenica, una Messa ricorder\u00e0 tutti gli atleti delle Fiamme Gialle scomparsi e in particolare il capitano Gaetano Bellatuono cui \u00e8 dedicato il &#8220;Trofeo Challange Gaetano Bellantuono&#8221; che sar\u00e0 assegnato alla societ\u00e0 vincitrice del Campione D&#8217;Italia in quattro di coppia maschile.<\/p>\n","protected":false},"excerpt":{"rendered":"<p>SABAUDIA &#8211;\u00a0Sabaudia si riempie di atleti, saranno quasi 800 quelli che arriveranno entro stasera da tutta Italia per i campionati assoluti, juniores e pararowing di canottaggio, 117esima edizione. Grande fermento in citt\u00e0, l&#8217;aria che si respira \u00e8 quella delle grandi occasioni con un centinaio di \u00a0persone mobilitate in vario modo \u00a0per la competizione sportiva che [&hellip;]<\/p>\n","protected":false},"author":62,"featured_media":141572,"comment_status":"open","ping_status":"closed","sticky":false,"template":"","format":"standard","meta":{"footnotes":""},"categories":[17],"tags":[],"class_list":["post-141571","post","type-post","status-publish","format-standard","has-post-thumbnail","hentry","category-sport"],"_links":{"self":[{"href":"https:\/\/www.radioluna.it\/news\/wp-json\/wp\/v2\/posts\/141571","targetHints":{"allow":["GET"]}}],"collection":[{"href":"https:\/\/www.radioluna.it\/news\/wp-json\/wp\/v2\/posts"}],"about":[{"href":"https:\/\/www.radioluna.it\/news\/wp-json\/wp\/v2\/types\/post"}],"author":[{"embeddable":true,"href":"https:\/\/www.radioluna.it\/news\/wp-json\/wp\/v2\/users\/62"}],"replies":[{"embeddable":true,"href":"https:\/\/www.radioluna.it\/news\/wp-json\/wp\/v2\/comments?post=141571"}],"version-history":[{"count":0,"href":"https:\/\/www.radioluna.it\/news\/wp-json\/wp\/v2\/posts\/141571\/revisions"}],"wp:featuredmedia":[{"embeddable":true,"href":"https:\/\/www.radioluna.it\/news\/wp-json\/wp\/v2\/media\/141572"}],"wp:attachment":[{"href":"https:\/\/www.radioluna.it\/news\/wp-json\/wp\/v2\/media?parent=141571"}],"wp:term":[{"taxonomy":"category","embeddable":true,"href":"https:\/\/www.radioluna.it\/news\/wp-json\/wp\/v2\/categories?post=141571"},{"taxonomy":"post_tag","embeddable":true,"href":"https:\/\/www.radioluna.it\/news\/wp-json\/wp\/v2\/tags?post=141571"}],"curies":[{"name":"wp","href":"https:\/\/api.w.org\/{rel}","templated":true}]}}