{"id":141592,"date":"2013-09-27T11:21:55","date_gmt":"2013-09-27T09:21:55","guid":{"rendered":"http:\/\/www.radioluna.it\/news\/?p=141592"},"modified":"2013-09-27T11:21:55","modified_gmt":"2013-09-27T09:21:55","slug":"corri-a-villa-fogliano-il-circuito-nel-parco-del-circeo","status":"publish","type":"post","link":"https:\/\/www.radioluna.it\/news\/2013\/09\/corri-a-villa-fogliano-il-circuito-nel-parco-del-circeo\/","title":{"rendered":"CORRI A VILLA FOGLIANO<BR> Il circuito nel Parco del Circeo"},"content":{"rendered":"<div id=\"fb-root\"><\/div>\n<p style=\"text-align: justify;\"><a href=\"http:\/\/www.radioluna.it\/news\/wp-content\/uploads\/2013\/09\/Villa-Fogliano-2009-2.jpg\"><img loading=\"lazy\" decoding=\"async\" class=\" wp-image-141593 alignleft\" alt=\"Villa Fogliano 2009 (2)\" src=\"http:\/\/www.radioluna.it\/news\/wp-content\/uploads\/2013\/09\/Villa-Fogliano-2009-2.jpg\" width=\"330\" height=\"296\" srcset=\"https:\/\/www.radioluna.it\/news\/wp-content\/uploads\/2013\/09\/Villa-Fogliano-2009-2.jpg 550w, https:\/\/www.radioluna.it\/news\/wp-content\/uploads\/2013\/09\/Villa-Fogliano-2009-2-300x269.jpg 300w, https:\/\/www.radioluna.it\/news\/wp-content\/uploads\/2013\/09\/Villa-Fogliano-2009-2-500x448.jpg 500w\" sizes=\"auto, (max-width: 330px) 100vw, 330px\" \/><\/a>LATINA &#8211;\u00a0Tutto pronto per la 15^ edizione della \u201cCorri a Villa Fogliano\u201d, manifestazione podistica che si corre nel\u00a0Parco Nazionale del Circeo su uno dei percorsi pi\u00f9 belli di tutta la regione.\u00a0\u00a0Quest\u2019anno la gara , in programma il 29 settembre,\u00a0entra nel quadro delle iniziative della Fiera del Turismo Itinerante che si svolge dal 27 al 29 alla Latina Expo.\u00a0Si tratta della prima tappa del \u201cLet\u2019s Run 2013\u201d il circuito di gare promosso dall\u2019Opes.<\/p>\n<p style=\"text-align: justify;\">Le pre iscrizioni sono andate molto bene con oltre 300 adesioni ma \u00e8 possibile iscriversi anche la mattina della gara fino a 30 minuti prima della partenza.\u00a0Ritrovo alle \u00a09,00 con la partenza verr\u00e0 data alle ore 10,00 congiuntamente per la gara agonistica, che svilupper\u00e0 i sui 10,8 chilometri in due giri, e la non competitiva che invece si consumer\u00e0 su un solo giro del percorso. Sar\u00e0 allestito un punto ristoro.<\/p>\n<p style=\"text-align: justify;\">Info e percorso su: www.atleticalatina.it<\/p>\n<p style=\"text-align: justify;\">La manifestazione \u00a0\u00e8\u00a0promossa dall\u2019associazione culturale Eureka in collaborazione con l\u2019Atletica Latina 80 e sotto l\u2019egida dei comitati Provinciale e Regionale della Federazione italiana di Atletica leggera, dell\u2019Opes, del Gruppo Giudici di Gara e con il patrocinio delle amministrazioni Comunali, Provinciale e Regionale.<\/p>\n<p>&nbsp;<\/p>\n","protected":false},"excerpt":{"rendered":"<p>LATINA &#8211;\u00a0Tutto pronto per la 15^ edizione della \u201cCorri a Villa Fogliano\u201d, manifestazione podistica che si corre nel\u00a0Parco Nazionale del Circeo su uno dei percorsi pi\u00f9 belli di tutta la regione.\u00a0\u00a0Quest\u2019anno la gara , in programma il 29 settembre,\u00a0entra nel quadro delle iniziative della Fiera del Turismo Itinerante che si svolge dal 27 al 29 [&hellip;]<\/p>\n","protected":false},"author":62,"featured_media":141593,"comment_status":"open","ping_status":"closed","sticky":false,"template":"","format":"standard","meta":{"footnotes":""},"categories":[17],"tags":[],"class_list":["post-141592","post","type-post","status-publish","format-standard","has-post-thumbnail","hentry","category-sport"],"_links":{"self":[{"href":"https:\/\/www.radioluna.it\/news\/wp-json\/wp\/v2\/posts\/141592","targetHints":{"allow":["GET"]}}],"collection":[{"href":"https:\/\/www.radioluna.it\/news\/wp-json\/wp\/v2\/posts"}],"about":[{"href":"https:\/\/www.radioluna.it\/news\/wp-json\/wp\/v2\/types\/post"}],"author":[{"embeddable":true,"href":"https:\/\/www.radioluna.it\/news\/wp-json\/wp\/v2\/users\/62"}],"replies":[{"embeddable":true,"href":"https:\/\/www.radioluna.it\/news\/wp-json\/wp\/v2\/comments?post=141592"}],"version-history":[{"count":0,"href":"https:\/\/www.radioluna.it\/news\/wp-json\/wp\/v2\/posts\/141592\/revisions"}],"wp:featuredmedia":[{"embeddable":true,"href":"https:\/\/www.radioluna.it\/news\/wp-json\/wp\/v2\/media\/141593"}],"wp:attachment":[{"href":"https:\/\/www.radioluna.it\/news\/wp-json\/wp\/v2\/media?parent=141592"}],"wp:term":[{"taxonomy":"category","embeddable":true,"href":"https:\/\/www.radioluna.it\/news\/wp-json\/wp\/v2\/categories?post=141592"},{"taxonomy":"post_tag","embeddable":true,"href":"https:\/\/www.radioluna.it\/news\/wp-json\/wp\/v2\/tags?post=141592"}],"curies":[{"name":"wp","href":"https:\/\/api.w.org\/{rel}","templated":true}]}}