{"id":141605,"date":"2013-09-27T12:58:11","date_gmt":"2013-09-27T10:58:11","guid":{"rendered":"http:\/\/www.radioluna.it\/news\/?p=141605"},"modified":"2013-09-27T12:58:11","modified_gmt":"2013-09-27T10:58:11","slug":"latte-prezzo-alle-stelle-assemblea-di-coldiretti","status":"publish","type":"post","link":"https:\/\/www.radioluna.it\/news\/2013\/09\/latte-prezzo-alle-stelle-assemblea-di-coldiretti\/","title":{"rendered":"LATTE, PREZZO ALLE STELLE<BR> Assemblea di Coldiretti"},"content":{"rendered":"<div id=\"fb-root\"><\/div>\n<div id=\"attachment_126960\" style=\"width: 266px\" class=\"wp-caption alignleft\"><a href=\"http:\/\/www.radioluna.it\/news\/wp-content\/uploads\/2012\/10\/latte.jpg\"><img loading=\"lazy\" decoding=\"async\" aria-describedby=\"caption-attachment-126960\" class=\"size-full wp-image-126960 \" alt=\"Vertenza latte\" src=\"http:\/\/www.radioluna.it\/news\/wp-content\/uploads\/2012\/10\/latte.jpg\" width=\"256\" height=\"192\" \/><\/a><p id=\"caption-attachment-126960\" class=\"wp-caption-text\">Vertenza latte<\/p><\/div>\n<p style=\"text-align: justify;\">LATINA &#8211;\u00a0\u00a0\u00a0Il prezzo &#8220;spot&#8221; del latte vola alle stelle sul mercato e tocca il record\u00a0storico di 52,58 cent\/litro, ma le imprese pontine e laziali arrancano per\u00a0far fronte ai costi di produzione divenuti insostenibili. &#8220;Una situazione\u00a0paradossale, ma \u00a0che ha una precisa spiegazione &#8211; \u00a0sottolineano il\u00a0presidente e il direttore di Coldiretti Latina Carlo Crocetti e Saverio<br \/>\nViola: &#8220;Parliamo del prezzo di latte spot, quello cio\u00e8 non ricompreso nei\u00a0contratti di fornitura: ma si tratta di un termometro che offre il polso di\u00a0quelle che potrebbero essere, per le imprese agricole locali, le giuste<br \/>\naspettative dai mercati&#8221;.<\/p>\n<p style=\"text-align: justify;\">L&#8217;andamento delle quotazioni sta dunque garantendo ampie rendite alle\u00a0industrie di trasformazione ma nel frattempo durante assemblee e riunioni\u00a0che Coldiretti sta tenendo in tutto il territorio provinciale, serpeggia,\u00a0sempre pi\u00f9 evidente, il grande malessere degli allevatori pontini. &#8220;Gi\u00e0 \u00e8\u00a0proprio cos\u00ec, purtroppo &#8211; spiega Viola &#8211; Per fare il punto della situazione\u00a0abbiamo programmato una assemblea luned\u00ec prosimo, 30 settembre 2013, alle\u00a0ore 20.30, presso i locali dell&#8217;Alan Farm a Pontinia. Obiettivo della\u00a0riunione analizzare l&#8217;impatto di questo prezzo spot e le ricadute nel<br \/>\ntessuto della nostra realt\u00e0 dove purtroppo si continua ad essere penalizzati\u00a0per le retribuzioni di alcuni gruppi industriali che sembra non intendano\u00a0tener conto dei mutamenti del mercato&#8221;.<br \/>\nDunque mentre la corsa del prezzo del latte non si ferma con l&#8217;incremento\u00a0pari al 2% rispetto alla settimana scorsa e del 25,5% rispetto allo scorso\u00a0anno, nell&#8217;ultima quotazione &#8220;spot&#8221; settimanale alla borsa di Verona (che \u00e8\u00a0insieme a quella di Lodi il punto di riferimento nazionale), a Latina e\u00a0anche nelle altre provincie del Lazio, si continua a far finta di nulla.<br \/>\n&#8220;Anche per questo Coldiretti, a livello regionale, ormai da circa un mese,ha chiesto la convocazione del tavolo interprofessionale che per\u00f2, almeno\u00a0sino ad oggi non \u00e8 stato convocato &#8211; aggiunge il direttore di Coldiretti<br \/>\nLatina, Saverio Viola. A crescere su valori massimi sono stati anche i\u00a0prezzi del latte pastorizzato importato con quello in arrivo dalla Germania\u00a0che ha toccato il record di 53,61 centesimi al litro. Per Coldiretti &#8220;\u00e8\u00a0necessario discutere su basi oggettive e riaprire al pi\u00f9 presto la\u00a0trattativa: per molti allevatori, le condizioni di operativit\u00e0 sono divenute<br \/>\ninsostenibili: a ci\u00f2 va aggiunto il particolare valore qualitativo, pi\u00f9\u00a0volte riconosciuto, del latte munto nel nostro comprensorio, dov&#8217;\u00e8 un\u00a0importante punto distintivo per l&#8217;intero settore primario &#8211; aggiunge Carlo<br \/>\nCrocetti.<br \/>\nL&#8217;andamento crescente delle quotazioni \u00e8 stato determinato a livello\u00a0internazionale dalla scarsit\u00e0 dell&#8217;offerta nei principali Paesi produttori\u00a0che ha condizionato le importazioni in Italia dove peraltro \u00e8 in calo il\u00a0latte raccolto. Non si \u00e8 mai verificata una forbice tanto alta e per un\u00a0periodo cos\u00ec lungo tra il prezzo spot e quello dei contratti. Un guadagno<br \/>\ningiustificato per l&#8217;industria a danno degli allevatori che sono costretti\u00a0ad affrontare un aumento stellare dei costi energetici e dell&#8217;alimentazione\u00a0del bestiame che ha fatto chiudere le stalle: il prezzo fissato dall&#8217;accordo<br \/>\nva dunque assolutamente al pi\u00f9 presto adeguato al rialzo.<\/p>\n","protected":false},"excerpt":{"rendered":"<p>LATINA &#8211;\u00a0\u00a0\u00a0Il prezzo &#8220;spot&#8221; del latte vola alle stelle sul mercato e tocca il record\u00a0storico di 52,58 cent\/litro, ma le imprese pontine e laziali arrancano per\u00a0far fronte ai costi di produzione divenuti insostenibili. &#8220;Una situazione\u00a0paradossale, ma \u00a0che ha una precisa spiegazione &#8211; \u00a0sottolineano il\u00a0presidente e il direttore di Coldiretti Latina Carlo Crocetti e Saverio Viola: [&hellip;]<\/p>\n","protected":false},"author":60,"featured_media":126960,"comment_status":"open","ping_status":"closed","sticky":false,"template":"","format":"standard","meta":{"footnotes":""},"categories":[11],"tags":[],"class_list":["post-141605","post","type-post","status-publish","format-standard","has-post-thumbnail","hentry","category-economia"],"_links":{"self":[{"href":"https:\/\/www.radioluna.it\/news\/wp-json\/wp\/v2\/posts\/141605","targetHints":{"allow":["GET"]}}],"collection":[{"href":"https:\/\/www.radioluna.it\/news\/wp-json\/wp\/v2\/posts"}],"about":[{"href":"https:\/\/www.radioluna.it\/news\/wp-json\/wp\/v2\/types\/post"}],"author":[{"embeddable":true,"href":"https:\/\/www.radioluna.it\/news\/wp-json\/wp\/v2\/users\/60"}],"replies":[{"embeddable":true,"href":"https:\/\/www.radioluna.it\/news\/wp-json\/wp\/v2\/comments?post=141605"}],"version-history":[{"count":0,"href":"https:\/\/www.radioluna.it\/news\/wp-json\/wp\/v2\/posts\/141605\/revisions"}],"wp:featuredmedia":[{"embeddable":true,"href":"https:\/\/www.radioluna.it\/news\/wp-json\/wp\/v2\/media\/126960"}],"wp:attachment":[{"href":"https:\/\/www.radioluna.it\/news\/wp-json\/wp\/v2\/media?parent=141605"}],"wp:term":[{"taxonomy":"category","embeddable":true,"href":"https:\/\/www.radioluna.it\/news\/wp-json\/wp\/v2\/categories?post=141605"},{"taxonomy":"post_tag","embeddable":true,"href":"https:\/\/www.radioluna.it\/news\/wp-json\/wp\/v2\/tags?post=141605"}],"curies":[{"name":"wp","href":"https:\/\/api.w.org\/{rel}","templated":true}]}}