{"id":141623,"date":"2013-09-27T18:36:15","date_gmt":"2013-09-27T16:36:15","guid":{"rendered":"http:\/\/www.radioluna.it\/news\/?p=141623"},"modified":"2013-09-27T18:41:58","modified_gmt":"2013-09-27T16:41:58","slug":"boom-di-neolaureati-ultraquarantenni-in-spagna-la-disoccupazione-si-combatte-sui-banchi-di-scuola","status":"publish","type":"post","link":"https:\/\/www.radioluna.it\/news\/2013\/09\/boom-di-neolaureati-ultraquarantenni-in-spagna-la-disoccupazione-si-combatte-sui-banchi-di-scuola\/","title":{"rendered":"Boom di neolaureati ultraquarantenni in Spagna<br> La disoccupazione si combatte sui banchi di scuola"},"content":{"rendered":"<div id=\"fb-root\"><\/div>\n<p style=\"text-align: justify;\"><a href=\"http:\/\/www.radioluna.it\/news\/wp-content\/uploads\/2013\/09\/laurea-generalista.jpg\"><img loading=\"lazy\" decoding=\"async\" class=\"alignleft size-medium wp-image-141625\" alt=\"\" src=\"http:\/\/www.radioluna.it\/news\/wp-content\/uploads\/2013\/09\/laurea-generalista-300x219.jpg\" width=\"300\" height=\"219\" srcset=\"https:\/\/www.radioluna.it\/news\/wp-content\/uploads\/2013\/09\/laurea-generalista-300x219.jpg 300w, https:\/\/www.radioluna.it\/news\/wp-content\/uploads\/2013\/09\/laurea-generalista.jpg 400w\" sizes=\"auto, (max-width: 300px) 100vw, 300px\" \/><\/a>La crisi economica in Italia e le difficolt\u00e0 che ne sono derivate per il mondo del lavoro sono ormai un fatto incontestabile. Chi tutt\u2019ora si sta cimentando nella ardua impresa di trovare il primo impiego, oppure pi\u00f9 semplicemente di rientrare nel mercato del lavoro, si trova davanti una situazione tutt\u2019altro che incoraggiante. La recente <a href=\"http:\/\/www.radioluna.it\/news\/2013\/09\/esuberi-alla-plasmon-simeone-fermare-tracollo-dovere-della-politica\/\">vicenda Plasmon<\/a>, e a livello nazionale l\u2019annuncio della vendita di Telecom Italia al colosso spagnolo Telefonica, mettono indubbiamente in luce la necessit\u00e0 di una profonda riforma del mercato del lavoro e nuovi metodi che possano dare una boccata d\u2019aria al sistema economico nazionale e locale.<\/p>\n<p style=\"text-align: justify;\">Ma al di l\u00e0 delle speculazioni politiche e sociologiche sull\u2019attuale situazione e sui possibili rimedi, la domanda che il disoccupato al giorno d\u2019oggi si pone ogni giorno \u00e8 \u201ccosa posso fare io per aumentare le mie possibilit\u00e0 di essere assunto?\u201d<\/p>\n<p style=\"text-align: justify;\">Una possibile risposta a questa domanda arriva sorprendentemente dalla Spagna, paese dove la disoccupazione (circa il 26,5% della forza lavoro) \u00e8 seconda in ambito UE soltanto a quella della Grecia. Negli ultimi mesi si \u00e8 infatti assistito ad una <a href=\"http:\/\/www.ansamed.info\/ansamed\/it\/notizie\/rubriche\/cronaca\/2013\/09\/25\/Crisi-Spagna-dopo-anta-scuola-trovare-lavoro_9358491.html\">crescita costante<\/a> dei neolaureati ultraquarantenni, circa il 49% in pi\u00f9 dello scorso anno. Sono molti, infatti, coloro che sperano di aumentare le proprie possibilit\u00e0 di trovare impiego acquisendo un titolo di studio in et\u00e0 avanzata.<\/p>\n<p style=\"text-align: justify;\">Per chi ha dovuto rinunciare allo studio in giovane et\u00e0, ma che ha diversi anni di esperienza alle spalle, un titolo accademico potrebbe davvero rivelarsi l\u2019arma in pi\u00f9 per rafforzare le proprie prospettive di essere assunto in un\u2019impresa. A maggior ragione, per questo specifico gruppo d\u2019utenza &#8211; laureati con esperienza &#8211; esistono portali come <a href=\"http:\/\/www.experteer.it\/\">Experteer<\/a>, dove poter cercare un impiego. Un sintomo del fatto di come l\u2019esperienza maturata \u201csul campo\u201d sia una valuta molto apprezzata dalle imprese.<\/p>\n<p style=\"text-align: justify;\">Per rimettersi sui banchi di scuola non \u00e8 mai troppo tardi, specialmente per chi sogna di potersi lasciare alle spalle l\u2019insicurezza ed il disagio derivanti dalla disoccupazione.<\/p>\n","protected":false},"excerpt":{"rendered":"<p>La crisi economica in Italia e le difficolt\u00e0 che ne sono derivate per il mondo del lavoro sono ormai un fatto incontestabile. Chi tutt\u2019ora si sta cimentando nella ardua impresa di trovare il primo impiego, oppure pi\u00f9 semplicemente di rientrare nel mercato del lavoro, si trova davanti una situazione tutt\u2019altro che incoraggiante. La recente vicenda [&hellip;]<\/p>\n","protected":false},"author":60,"featured_media":141625,"comment_status":"open","ping_status":"closed","sticky":false,"template":"","format":"standard","meta":{"footnotes":""},"categories":[735,11,248],"tags":[],"class_list":["post-141623","post","type-post","status-publish","format-standard","has-post-thumbnail","hentry","category-attualita","category-economia","category-istruzione"],"_links":{"self":[{"href":"https:\/\/www.radioluna.it\/news\/wp-json\/wp\/v2\/posts\/141623","targetHints":{"allow":["GET"]}}],"collection":[{"href":"https:\/\/www.radioluna.it\/news\/wp-json\/wp\/v2\/posts"}],"about":[{"href":"https:\/\/www.radioluna.it\/news\/wp-json\/wp\/v2\/types\/post"}],"author":[{"embeddable":true,"href":"https:\/\/www.radioluna.it\/news\/wp-json\/wp\/v2\/users\/60"}],"replies":[{"embeddable":true,"href":"https:\/\/www.radioluna.it\/news\/wp-json\/wp\/v2\/comments?post=141623"}],"version-history":[{"count":0,"href":"https:\/\/www.radioluna.it\/news\/wp-json\/wp\/v2\/posts\/141623\/revisions"}],"wp:featuredmedia":[{"embeddable":true,"href":"https:\/\/www.radioluna.it\/news\/wp-json\/wp\/v2\/media\/141625"}],"wp:attachment":[{"href":"https:\/\/www.radioluna.it\/news\/wp-json\/wp\/v2\/media?parent=141623"}],"wp:term":[{"taxonomy":"category","embeddable":true,"href":"https:\/\/www.radioluna.it\/news\/wp-json\/wp\/v2\/categories?post=141623"},{"taxonomy":"post_tag","embeddable":true,"href":"https:\/\/www.radioluna.it\/news\/wp-json\/wp\/v2\/tags?post=141623"}],"curies":[{"name":"wp","href":"https:\/\/api.w.org\/{rel}","templated":true}]}}