{"id":141639,"date":"2013-09-28T10:36:02","date_gmt":"2013-09-28T08:36:02","guid":{"rendered":"http:\/\/www.radioluna.it\/news\/?p=141639"},"modified":"2013-09-28T10:36:02","modified_gmt":"2013-09-28T08:36:02","slug":"atletica-finale-a2-a-bastia-umbra-i-pontini-al-campionato-assoluto","status":"publish","type":"post","link":"https:\/\/www.radioluna.it\/news\/2013\/09\/atletica-finale-a2-a-bastia-umbra-i-pontini-al-campionato-assoluto\/","title":{"rendered":"ATLETICA, FINALE A2 A BASTIA UMBRA<BR> I pontini al campionato assoluto"},"content":{"rendered":"<div id=\"fb-root\"><\/div>\n<div id=\"attachment_141640\" style=\"width: 490px\" class=\"wp-caption alignleft\"><a href=\"http:\/\/www.radioluna.it\/news\/wp-content\/uploads\/2013\/09\/Luigi-DOnofrio-con-Andrew-Howe.jpg\"><img loading=\"lazy\" decoding=\"async\" aria-describedby=\"caption-attachment-141640\" class=\" wp-image-141640  \" alt=\"Luigi D'Onofrio con Andrew Howe\" src=\"http:\/\/www.radioluna.it\/news\/wp-content\/uploads\/2013\/09\/Luigi-DOnofrio-con-Andrew-Howe.jpg\" width=\"480\" height=\"358\" srcset=\"https:\/\/www.radioluna.it\/news\/wp-content\/uploads\/2013\/09\/Luigi-DOnofrio-con-Andrew-Howe.jpg 1000w, https:\/\/www.radioluna.it\/news\/wp-content\/uploads\/2013\/09\/Luigi-DOnofrio-con-Andrew-Howe-300x224.jpg 300w, https:\/\/www.radioluna.it\/news\/wp-content\/uploads\/2013\/09\/Luigi-DOnofrio-con-Andrew-Howe-768x572.jpg 768w, https:\/\/www.radioluna.it\/news\/wp-content\/uploads\/2013\/09\/Luigi-DOnofrio-con-Andrew-Howe-500x373.jpg 500w, https:\/\/www.radioluna.it\/news\/wp-content\/uploads\/2013\/09\/Luigi-DOnofrio-con-Andrew-Howe-800x596.jpg 800w\" sizes=\"auto, (max-width: 480px) 100vw, 480px\" \/><\/a><p id=\"caption-attachment-141640\" class=\"wp-caption-text\">Luigi D&#8217;Onofrio con Andrew Howe<\/p><\/div>\n<p style=\"text-align: justify;\">LATINA &#8211;\u00a0I portacolori di Intesatletica sono a Bastia Umbra per giocarsi le loro chance nella finale \u201cA2\u201d del campionato di societ\u00e0 assoluto 2013. \u00a0La squadra provinciale guidata da Gigi D\u2019Onofrio \u00e8 stata \u00a0ammessa tra le 120 squadre su mille che hanno superato i punteggi di sbarramento richiesti per disputare la seconda fase.\u00a0Dopo l&#8217; ulteriore scrematura, \u00a0la Federazione centrale ha diramato nel mese di agosto le classifiche finali nazionali dove il team pontino risulta al 48\u00b0 posto ed \u00e8 ammesso alla finale \u201cA2\u201d.<\/p>\n<p style=\"text-align: justify;\">\u201cEssere a Bastia \u00e8 gi\u00e0 un traguardo \u2013 detto il presidente provinciale della federazione, \u00a0 Giampiero Trivellato\u00a0\u2013 tra le dodici di questa \u201cA2\u201d siamo dodicesimi e puntiamo chiaramente a migliorare. Ora il meccanismo di classica cambia, non \u00e8 pi\u00f9 basato sulle prestazioni ma sugli scontri diretti in gara, e noi siamo sicuramente pi\u00f9 competitivi. Peccato per gli infortuni di Racchi e Iazzetta che ci hanno tolto la possibilit\u00e0 di competere tra i primi.\u201d<br \/>\nLa squadra pontina:<br \/>\n100 e 200 metri G.Luca Beltramini<br \/>\n400 e 800 metri Lorenzo Aucone<br \/>\n1500 e 5000 metri Riccardo Baraldi<br \/>\n3000 siepi Alessandro Soldi<br \/>\n110 e 400 ostacoli Alessandro Tartaglione<br \/>\nSalto con l\u2019Asta Gennaro Spina<br \/>\nSalto in Lungo Mauro Trivellato<br \/>\nSalto Triplo e in Alto Riccardo Rasile<br \/>\nLancio del Disco Armando Maser<br \/>\nLancio del Giavellotto Carlesimo &#8211; Graziosi<br \/>\nLancio del Peso e Martello Mirko Franceschetti<br \/>\nMarcia 10 km Stefano Mansutti<br \/>\nstaffette Patrick Zilio \u2013 Matteo Monti \u2013 Gabriele Fonti \u2013 Matteo De Santis<\/p>\n<p>&nbsp;<\/p>\n","protected":false},"excerpt":{"rendered":"<p>LATINA &#8211;\u00a0I portacolori di Intesatletica sono a Bastia Umbra per giocarsi le loro chance nella finale \u201cA2\u201d del campionato di societ\u00e0 assoluto 2013. \u00a0La squadra provinciale guidata da Gigi D\u2019Onofrio \u00e8 stata \u00a0ammessa tra le 120 squadre su mille che hanno superato i punteggi di sbarramento richiesti per disputare la seconda fase.\u00a0Dopo l&#8217; ulteriore scrematura, [&hellip;]<\/p>\n","protected":false},"author":62,"featured_media":141640,"comment_status":"open","ping_status":"closed","sticky":false,"template":"","format":"standard","meta":{"footnotes":""},"categories":[17],"tags":[],"class_list":["post-141639","post","type-post","status-publish","format-standard","has-post-thumbnail","hentry","category-sport"],"_links":{"self":[{"href":"https:\/\/www.radioluna.it\/news\/wp-json\/wp\/v2\/posts\/141639","targetHints":{"allow":["GET"]}}],"collection":[{"href":"https:\/\/www.radioluna.it\/news\/wp-json\/wp\/v2\/posts"}],"about":[{"href":"https:\/\/www.radioluna.it\/news\/wp-json\/wp\/v2\/types\/post"}],"author":[{"embeddable":true,"href":"https:\/\/www.radioluna.it\/news\/wp-json\/wp\/v2\/users\/62"}],"replies":[{"embeddable":true,"href":"https:\/\/www.radioluna.it\/news\/wp-json\/wp\/v2\/comments?post=141639"}],"version-history":[{"count":0,"href":"https:\/\/www.radioluna.it\/news\/wp-json\/wp\/v2\/posts\/141639\/revisions"}],"wp:featuredmedia":[{"embeddable":true,"href":"https:\/\/www.radioluna.it\/news\/wp-json\/wp\/v2\/media\/141640"}],"wp:attachment":[{"href":"https:\/\/www.radioluna.it\/news\/wp-json\/wp\/v2\/media?parent=141639"}],"wp:term":[{"taxonomy":"category","embeddable":true,"href":"https:\/\/www.radioluna.it\/news\/wp-json\/wp\/v2\/categories?post=141639"},{"taxonomy":"post_tag","embeddable":true,"href":"https:\/\/www.radioluna.it\/news\/wp-json\/wp\/v2\/tags?post=141639"}],"curies":[{"name":"wp","href":"https:\/\/api.w.org\/{rel}","templated":true}]}}