{"id":141758,"date":"2013-10-01T17:44:41","date_gmt":"2013-10-01T15:44:41","guid":{"rendered":"http:\/\/www.radioluna.it\/news\/?p=141758"},"modified":"2013-10-01T17:44:41","modified_gmt":"2013-10-01T15:44:41","slug":"telecamere-finte-in-tribunale-riprendono-ma-non-registrano","status":"publish","type":"post","link":"https:\/\/www.radioluna.it\/news\/2013\/10\/telecamere-finte-in-tribunale-riprendono-ma-non-registrano\/","title":{"rendered":"TELECAMERE &#8220;FINTE&#8221; IN TRIBUNALE<BR> Riprendono ma non registrano"},"content":{"rendered":"<div id=\"fb-root\"><\/div>\n<div align=\"justify\"><a href=\"http:\/\/www.radioluna.it\/news\/wp-content\/uploads\/2013\/10\/telecamere.jpg\"><img loading=\"lazy\" decoding=\"async\" class=\"alignleft size-full wp-image-141759\" alt=\"telecamere\" src=\"http:\/\/www.radioluna.it\/news\/wp-content\/uploads\/2013\/10\/telecamere.jpg\" width=\"259\" height=\"194\" \/><\/a>LATINA- Hanno lasciato in diverse aule del Tribunale di Latina e nei corridoi del palazzo di giustizia, alcuni volantini su cui \u00e8 scritto il capo di imputazione per un cancelliere del Tribunale accusato di appropriazione indebita e che domani sar\u00e0 processato. L&#8217;impiegato ha annunciato che presenter\u00e0 denuncia contro ignoti. In realt\u00e0 per\u00f2, l&#8217;aspetto pi\u00f9 incredibile di questa vicenda \u00e8 un altro: \u00e8 impossibile identificare l&#8217;autore o gli autori del gesto perch\u00e9 le telecamere installate all&#8217;interno del Tribunale riprendono, ma non registrano.<\/div>\n<div><\/div>\n<div align=\"justify\"><\/div>\n","protected":false},"excerpt":{"rendered":"<p>LATINA- Hanno lasciato in diverse aule del Tribunale di Latina e nei corridoi del palazzo di giustizia, alcuni volantini su cui \u00e8 scritto il capo di imputazione per un cancelliere del Tribunale accusato di appropriazione indebita e che domani sar\u00e0 processato. L&#8217;impiegato ha annunciato che presenter\u00e0 denuncia contro ignoti. In realt\u00e0 per\u00f2, l&#8217;aspetto pi\u00f9 incredibile [&hellip;]<\/p>\n","protected":false},"author":60,"featured_media":141759,"comment_status":"open","ping_status":"closed","sticky":false,"template":"","format":"standard","meta":{"footnotes":""},"categories":[7],"tags":[],"class_list":["post-141758","post","type-post","status-publish","format-standard","has-post-thumbnail","hentry","category-cronaca"],"_links":{"self":[{"href":"https:\/\/www.radioluna.it\/news\/wp-json\/wp\/v2\/posts\/141758","targetHints":{"allow":["GET"]}}],"collection":[{"href":"https:\/\/www.radioluna.it\/news\/wp-json\/wp\/v2\/posts"}],"about":[{"href":"https:\/\/www.radioluna.it\/news\/wp-json\/wp\/v2\/types\/post"}],"author":[{"embeddable":true,"href":"https:\/\/www.radioluna.it\/news\/wp-json\/wp\/v2\/users\/60"}],"replies":[{"embeddable":true,"href":"https:\/\/www.radioluna.it\/news\/wp-json\/wp\/v2\/comments?post=141758"}],"version-history":[{"count":0,"href":"https:\/\/www.radioluna.it\/news\/wp-json\/wp\/v2\/posts\/141758\/revisions"}],"wp:featuredmedia":[{"embeddable":true,"href":"https:\/\/www.radioluna.it\/news\/wp-json\/wp\/v2\/media\/141759"}],"wp:attachment":[{"href":"https:\/\/www.radioluna.it\/news\/wp-json\/wp\/v2\/media?parent=141758"}],"wp:term":[{"taxonomy":"category","embeddable":true,"href":"https:\/\/www.radioluna.it\/news\/wp-json\/wp\/v2\/categories?post=141758"},{"taxonomy":"post_tag","embeddable":true,"href":"https:\/\/www.radioluna.it\/news\/wp-json\/wp\/v2\/tags?post=141758"}],"curies":[{"name":"wp","href":"https:\/\/api.w.org\/{rel}","templated":true}]}}