{"id":141764,"date":"2013-10-01T18:53:35","date_gmt":"2013-10-01T16:53:35","guid":{"rendered":"http:\/\/www.radioluna.it\/news\/?p=141764"},"modified":"2013-10-01T18:53:35","modified_gmt":"2013-10-01T16:53:35","slug":"taglio-tribunali-appello-alla-regione-anai-si-attivi-per-referendum-abrogativo","status":"publish","type":"post","link":"https:\/\/www.radioluna.it\/news\/2013\/10\/taglio-tribunali-appello-alla-regione-anai-si-attivi-per-referendum-abrogativo\/","title":{"rendered":"TAGLIO TRIBUNALI, APPELLO ALLA REGIONE<BR> Anai: &#8220;Si attivi per referendum abrogativo&#8221;"},"content":{"rendered":"<div id=\"fb-root\"><\/div>\n<p style=\"text-align: justify;\"><a href=\"http:\/\/www.radioluna.it\/news\/wp-content\/uploads\/2013\/10\/argano.jpg\"><img loading=\"lazy\" decoding=\"async\" class=\"alignleft size-medium wp-image-141765\" alt=\"argano\" src=\"http:\/\/www.radioluna.it\/news\/wp-content\/uploads\/2013\/10\/argano-300x193.jpg\" width=\"300\" height=\"193\" \/><\/a>LATINA &#8211; Non si ferma l&#8217;azione degli avvocati del Foro pontino per bloccare l&#8217;ormai avviata chiusura delle sedi distaccate \u00a0di Gaeta e Terracina, \u00a0del Tribunale di Latina. L&#8217;Anai (l&#8217;associazione nazionale avvocati italiani, sezione locale) in una lettera firmata dal Presidente Armando Argano, e trasmessa ieri alla Regione Lazio,\u00a0ha direttamente\u00a0sollecitato l&#8217;Ente ad attivarsi per promuovere il referendum\u00a0abrogativo del decreto che taglia le sedi giudiziarie (ex ar.t 75 della Costituzione). L&#8217;iniziativa \u00e8 gi\u00e0 stata \u00a0promossa da altre Regioni.<\/p>\n<p style=\"text-align: justify;\">\n<p style=\"text-align: justify;\">LA LETTERA A ZINGARETTI &#8211; Referendum abrogativo ex art. 75 Cost. della Legge 148\/2011 e del D.Lgs. 155\/2012.<\/p>\n<p style=\"text-align: justify;\">Ill.mo Signor Presidente,<br \/>\nquesta Associazione Le rivolge viva ed urgente istanza perch\u00e8 Ella valuti favorevolmente<br \/>\nl&#8217;opportunit\u00e0 di adoperarsi affinch\u00e8 la Regione Lazio deliberi, al pi\u00f9 presto, di aderire al referendum<br \/>\nabrogativo delle disposizioni sulla revisione delle circoscrizioni giudiziarie promosso dalla Regione<br \/>\nAbruzzo ai sensi dell&#8217;art. 75 Cost., che ha gi\u00e0 visto affiancarsi nell&#8217;iniziativa le regioni Marche,<br \/>\nFriuli Venezia Giulia, Puglia e Campania.<br \/>\nAltre regioni si stanno attivando e non crediamo che la Regione Lazio possa rimanere fuori dalla<br \/>\ncontesa, ove solo si consideri l&#8217;enorme danno che la cd. nuova geografia giudiziaria sta gi\u00e0<br \/>\narrecando a vari territori, in primis quello della Provincia di Latina, con l&#8217;abolizione delle sezioni<br \/>\nstaccate di Gaeta e di Terracina.<br \/>\nNei mesi passati Ella ci ha gi\u00e0 convocati, stante la delicatezza e l&#8217;urgenza del tema, e cos\u00ec&#8217;, il 23<br \/>\nmaggio 2013, abbiamo avuto un incontro assai costruttivo con il Segretario Generale Prof.<br \/>\nAlessandro Sterpa, dopo di che si \u00e8 guardato all&#8217;intervento della Consulta \u2013 da tutti atteso come<br \/>\ncertamente caducatorio &#8211; su varie questioni di illegittimit\u00e0 costituzionale sollevate in numerosi<br \/>\nprocessi in tutta Italia.<br \/>\nA seguito della sentenza di rigetto 24 luglio 2013 n. 237, la vicenda della soppressione degli uffici<br \/>\ngiudiziari si \u00e8 invece riaperta in tutta la sua gravit\u00e0 e perci\u00f2 varie regioni, come sopra detto, si sono<br \/>\nattivate per l&#8217;indizione di un referendum abrogativo.<br \/>\nRimaniamo naturalmente a disposizione per ogni occorrenza ed in attesa di ogni sua possibile<br \/>\niniziativa.<\/p>\n<p style=\"text-align: justify;\">\nLatina, 30 settembre 2013<br \/>\nIl Presidente<br \/>\nAvv. Armando Argano<\/p>\n","protected":false},"excerpt":{"rendered":"<p>LATINA &#8211; Non si ferma l&#8217;azione degli avvocati del Foro pontino per bloccare l&#8217;ormai avviata chiusura delle sedi distaccate \u00a0di Gaeta e Terracina, \u00a0del Tribunale di Latina. L&#8217;Anai (l&#8217;associazione nazionale avvocati italiani, sezione locale) in una lettera firmata dal Presidente Armando Argano, e trasmessa ieri alla Regione Lazio,\u00a0ha direttamente\u00a0sollecitato l&#8217;Ente ad attivarsi per promuovere il [&hellip;]<\/p>\n","protected":false},"author":62,"featured_media":141765,"comment_status":"open","ping_status":"closed","sticky":false,"template":"","format":"standard","meta":{"footnotes":""},"categories":[7],"tags":[],"class_list":["post-141764","post","type-post","status-publish","format-standard","has-post-thumbnail","hentry","category-cronaca"],"_links":{"self":[{"href":"https:\/\/www.radioluna.it\/news\/wp-json\/wp\/v2\/posts\/141764","targetHints":{"allow":["GET"]}}],"collection":[{"href":"https:\/\/www.radioluna.it\/news\/wp-json\/wp\/v2\/posts"}],"about":[{"href":"https:\/\/www.radioluna.it\/news\/wp-json\/wp\/v2\/types\/post"}],"author":[{"embeddable":true,"href":"https:\/\/www.radioluna.it\/news\/wp-json\/wp\/v2\/users\/62"}],"replies":[{"embeddable":true,"href":"https:\/\/www.radioluna.it\/news\/wp-json\/wp\/v2\/comments?post=141764"}],"version-history":[{"count":0,"href":"https:\/\/www.radioluna.it\/news\/wp-json\/wp\/v2\/posts\/141764\/revisions"}],"wp:featuredmedia":[{"embeddable":true,"href":"https:\/\/www.radioluna.it\/news\/wp-json\/wp\/v2\/media\/141765"}],"wp:attachment":[{"href":"https:\/\/www.radioluna.it\/news\/wp-json\/wp\/v2\/media?parent=141764"}],"wp:term":[{"taxonomy":"category","embeddable":true,"href":"https:\/\/www.radioluna.it\/news\/wp-json\/wp\/v2\/categories?post=141764"},{"taxonomy":"post_tag","embeddable":true,"href":"https:\/\/www.radioluna.it\/news\/wp-json\/wp\/v2\/tags?post=141764"}],"curies":[{"name":"wp","href":"https:\/\/api.w.org\/{rel}","templated":true}]}}