{"id":141778,"date":"2013-10-02T08:55:08","date_gmt":"2013-10-02T06:55:08","guid":{"rendered":"http:\/\/www.radioluna.it\/news\/?p=141778"},"modified":"2013-10-04T06:35:52","modified_gmt":"2013-10-04T04:35:52","slug":"false-promesse-allamante-lei-lo-denuncia-rinviato-a-giudizio-un-operaio-di-fondi","status":"publish","type":"post","link":"https:\/\/www.radioluna.it\/news\/2013\/10\/false-promesse-allamante-lei-lo-denuncia-rinviato-a-giudizio-un-operaio-di-fondi\/","title":{"rendered":"FALSE PROMESSE ALL&#8217;AMANTE, LEI LO DENUNCIA<BR> Rinviato a giudizio un operaio di Fondi"},"content":{"rendered":"<div id=\"fb-root\"><\/div>\n<div id=\"attachment_126094\" style=\"width: 310px\" class=\"wp-caption alignleft\"><a href=\"http:\/\/www.radioluna.it\/news\/wp-content\/uploads\/2012\/10\/Piazza-del-tribunale-con-seminatore.jpg\"><img loading=\"lazy\" decoding=\"async\" aria-describedby=\"caption-attachment-126094\" class=\"size-medium wp-image-126094\" alt=\"Il Tribunale di Latina\" src=\"http:\/\/www.radioluna.it\/news\/wp-content\/uploads\/2012\/10\/Piazza-del-tribunale-con-seminatore-300x224.jpg\" width=\"300\" height=\"224\" srcset=\"https:\/\/www.radioluna.it\/news\/wp-content\/uploads\/2012\/10\/Piazza-del-tribunale-con-seminatore-300x224.jpg 300w, https:\/\/www.radioluna.it\/news\/wp-content\/uploads\/2012\/10\/Piazza-del-tribunale-con-seminatore-500x375.jpg 500w, https:\/\/www.radioluna.it\/news\/wp-content\/uploads\/2012\/10\/Piazza-del-tribunale-con-seminatore.jpg 667w\" sizes=\"auto, (max-width: 300px) 100vw, 300px\" \/><\/a><p id=\"caption-attachment-126094\" class=\"wp-caption-text\">Il Tribunale di Latina<\/p><\/div>\n<p style=\"text-align: justify;\">FONDI &#8211;\u00a0Quando si dice una storia finita male. Aveva promesso di andare a vivere con lei e di sposarla, poi con la scusa di essere in difficolt\u00e0 economica si \u00e8 fatto prestare ventisettemila euro, e alla fine lei ha scoperto \u00a0che l\u2019uomo di cui si era innamorata era gi\u00e0 sposato e lo ha denunciato con l&#8217;accusa di approfittamento dello stato di inferiorit\u00e0 conseguente alla passione. Di questa accusa ora lui dovr\u00e0 rispondere davanti alla legge.<\/p>\n<p style=\"text-align: justify;\">E&#8217; la vicenda che ha visto come protagonisti un operaio di Fondi di 42 anni, \u00a0rinviato a giudizio dal gup di Latina, e una donna di 47 anni di Itri che si era da poco separata. La storia d&#8217;amore che era iniziata nel 2009 ed \u00e8 durata quasi due anni adesso \u00e8 finita in Tribunale e il processo per l&#8217;uomo inizier\u00e0 il 24 febbraio.<\/p>\n","protected":false},"excerpt":{"rendered":"<p>FONDI &#8211;\u00a0Quando si dice una storia finita male. Aveva promesso di andare a vivere con lei e di sposarla, poi con la scusa di essere in difficolt\u00e0 economica si \u00e8 fatto prestare ventisettemila euro, e alla fine lei ha scoperto \u00a0che l\u2019uomo di cui si era innamorata era gi\u00e0 sposato e lo ha denunciato con [&hellip;]<\/p>\n","protected":false},"author":60,"featured_media":126094,"comment_status":"open","ping_status":"closed","sticky":false,"template":"","format":"standard","meta":{"footnotes":""},"categories":[7],"tags":[],"class_list":["post-141778","post","type-post","status-publish","format-standard","has-post-thumbnail","hentry","category-cronaca"],"_links":{"self":[{"href":"https:\/\/www.radioluna.it\/news\/wp-json\/wp\/v2\/posts\/141778","targetHints":{"allow":["GET"]}}],"collection":[{"href":"https:\/\/www.radioluna.it\/news\/wp-json\/wp\/v2\/posts"}],"about":[{"href":"https:\/\/www.radioluna.it\/news\/wp-json\/wp\/v2\/types\/post"}],"author":[{"embeddable":true,"href":"https:\/\/www.radioluna.it\/news\/wp-json\/wp\/v2\/users\/60"}],"replies":[{"embeddable":true,"href":"https:\/\/www.radioluna.it\/news\/wp-json\/wp\/v2\/comments?post=141778"}],"version-history":[{"count":0,"href":"https:\/\/www.radioluna.it\/news\/wp-json\/wp\/v2\/posts\/141778\/revisions"}],"wp:featuredmedia":[{"embeddable":true,"href":"https:\/\/www.radioluna.it\/news\/wp-json\/wp\/v2\/media\/126094"}],"wp:attachment":[{"href":"https:\/\/www.radioluna.it\/news\/wp-json\/wp\/v2\/media?parent=141778"}],"wp:term":[{"taxonomy":"category","embeddable":true,"href":"https:\/\/www.radioluna.it\/news\/wp-json\/wp\/v2\/categories?post=141778"},{"taxonomy":"post_tag","embeddable":true,"href":"https:\/\/www.radioluna.it\/news\/wp-json\/wp\/v2\/tags?post=141778"}],"curies":[{"name":"wp","href":"https:\/\/api.w.org\/{rel}","templated":true}]}}