{"id":141807,"date":"2013-10-02T16:58:23","date_gmt":"2013-10-02T14:58:23","guid":{"rendered":"http:\/\/www.radioluna.it\/news\/?p=141807"},"modified":"2013-10-02T16:58:23","modified_gmt":"2013-10-02T14:58:23","slug":"andreoli-riparte-la-preparazione-in-vista-di-corigliano","status":"publish","type":"post","link":"https:\/\/www.radioluna.it\/news\/2013\/10\/andreoli-riparte-la-preparazione-in-vista-di-corigliano\/","title":{"rendered":"ANDREOLI<BR> Riparte la preparazione in vista di Corigliano"},"content":{"rendered":"<div id=\"fb-root\"><\/div>\n<div id=\"attachment_132166\" style=\"width: 310px\" class=\"wp-caption alignleft\"><a href=\"http:\/\/www.radioluna.it\/news\/wp-content\/uploads\/2013\/02\/foto-andreoli.jpg\"><img loading=\"lazy\" decoding=\"async\" aria-describedby=\"caption-attachment-132166\" class=\"size-medium wp-image-132166\" alt=\"(foto Andreoli Top Volley)\" src=\"http:\/\/www.radioluna.it\/news\/wp-content\/uploads\/2013\/02\/foto-andreoli-300x202.jpg\" width=\"300\" height=\"202\" \/><\/a><p id=\"caption-attachment-132166\" class=\"wp-caption-text\">(foto Andreoli Top Volley)<\/p><\/div>\n<p style=\"text-align: justify;\"><strong>LATINA &#8211;<\/strong> Dopo due giorni di riposo, ha ripreso la preparazione dell\u2019Andreoli Latina. Una settimana che sar\u00e0 caratterizzata dall\u2019arrivo degli atleti impegnati nei continentali. S\u2019inizia mercoled\u00ec con una seduta di pesi al PalaFitness alla mattina e la tecnica al pomeriggio, stesso programma per gioved\u00ec, venerd\u00ec invece tecnica alla mattina. Sabato e domenica la formazione allenata da Roberto Santilli sar\u00e0 impegnata a nel torneo di Corigliano, prima gara con Molfetta. A ranghi completi approfitteranno della trasferta in Calabria per fermarsi a Lamezia Terme, \u201ca casa\u201d del ds Candido Grande, per un\u2019amichevole con Vibo Valentia l\u20198 ottobre, per poi disputare il \u201cMemorial Nonno Gino a Sora\u201d il 12-13 ottobre.<\/p>\n<p>&nbsp;<\/p>\n","protected":false},"excerpt":{"rendered":"<p>LATINA &#8211; Dopo due giorni di riposo, ha ripreso la preparazione dell\u2019Andreoli Latina. Una settimana che sar\u00e0 caratterizzata dall\u2019arrivo degli atleti impegnati nei continentali. S\u2019inizia mercoled\u00ec con una seduta di pesi al PalaFitness alla mattina e la tecnica al pomeriggio, stesso programma per gioved\u00ec, venerd\u00ec invece tecnica alla mattina. Sabato e domenica la formazione allenata [&hellip;]<\/p>\n","protected":false},"author":60,"featured_media":132166,"comment_status":"open","ping_status":"closed","sticky":false,"template":"","format":"standard","meta":{"footnotes":""},"categories":[17],"tags":[],"class_list":["post-141807","post","type-post","status-publish","format-standard","has-post-thumbnail","hentry","category-sport"],"_links":{"self":[{"href":"https:\/\/www.radioluna.it\/news\/wp-json\/wp\/v2\/posts\/141807","targetHints":{"allow":["GET"]}}],"collection":[{"href":"https:\/\/www.radioluna.it\/news\/wp-json\/wp\/v2\/posts"}],"about":[{"href":"https:\/\/www.radioluna.it\/news\/wp-json\/wp\/v2\/types\/post"}],"author":[{"embeddable":true,"href":"https:\/\/www.radioluna.it\/news\/wp-json\/wp\/v2\/users\/60"}],"replies":[{"embeddable":true,"href":"https:\/\/www.radioluna.it\/news\/wp-json\/wp\/v2\/comments?post=141807"}],"version-history":[{"count":0,"href":"https:\/\/www.radioluna.it\/news\/wp-json\/wp\/v2\/posts\/141807\/revisions"}],"wp:featuredmedia":[{"embeddable":true,"href":"https:\/\/www.radioluna.it\/news\/wp-json\/wp\/v2\/media\/132166"}],"wp:attachment":[{"href":"https:\/\/www.radioluna.it\/news\/wp-json\/wp\/v2\/media?parent=141807"}],"wp:term":[{"taxonomy":"category","embeddable":true,"href":"https:\/\/www.radioluna.it\/news\/wp-json\/wp\/v2\/categories?post=141807"},{"taxonomy":"post_tag","embeddable":true,"href":"https:\/\/www.radioluna.it\/news\/wp-json\/wp\/v2\/tags?post=141807"}],"curies":[{"name":"wp","href":"https:\/\/api.w.org\/{rel}","templated":true}]}}