{"id":141864,"date":"2013-10-04T08:22:47","date_gmt":"2013-10-04T06:22:47","guid":{"rendered":"http:\/\/www.radioluna.it\/news\/?p=141864"},"modified":"2013-10-04T18:16:15","modified_gmt":"2013-10-04T16:16:15","slug":"maltempo-in-arrivo-fine-settimana-sotto-la-pioggia","status":"publish","type":"post","link":"https:\/\/www.radioluna.it\/news\/2013\/10\/maltempo-in-arrivo-fine-settimana-sotto-la-pioggia\/","title":{"rendered":"MALTEMPO IN ARRIVO<BR> Il bollettino meteo"},"content":{"rendered":"<div id=\"fb-root\"><\/div>\n<p style=\"text-align: justify;\"><a href=\"http:\/\/www.radioluna.it\/news\/wp-content\/uploads\/2013\/10\/0-Mare_burrasca_rid.jpg\"><img loading=\"lazy\" decoding=\"async\" class=\"alignleft size-medium wp-image-141865\" alt=\"0-Mare_burrasca_rid\" src=\"http:\/\/www.radioluna.it\/news\/wp-content\/uploads\/2013\/10\/0-Mare_burrasca_rid-300x263.jpg\" width=\"300\" height=\"263\" srcset=\"https:\/\/www.radioluna.it\/news\/wp-content\/uploads\/2013\/10\/0-Mare_burrasca_rid-300x263.jpg 300w, https:\/\/www.radioluna.it\/news\/wp-content\/uploads\/2013\/10\/0-Mare_burrasca_rid.jpg 430w\" sizes=\"auto, (max-width: 300px) 100vw, 300px\" \/><\/a>LATINA &#8211;\u00a0L&#8217;estate \u00e8 ormai agli sgoccioli. Nel week end, e almeno fino a mercoled\u00ec della prossima settimana, le giornate saranno all&#8217;insegna della pioggia e delle temperature decisamente pi\u00f9 fresche. \u00a0Brutte notizie per chi ha programmato un week end al mare: \u00abSabato sar\u00e0 la giornata peggiore, con nubifragi che raggiungeranno il Lazio nel pomeriggio\u00bb. I nubifragi colpiranno inizialmente la Capitale, e saranno molto intensi tra le ore 13 e le 20 di sabato. In serata invece la pioggia si sposter\u00e0 su Latina e Frosinone\u00bb. Lo dice il meteo.it. Il maltempo non si arresta al solo week end ma, precisa la nota, \u00abimperverser\u00e0 tutta la giornata di domenica e luned\u00ec. Si attenuer\u00e0 solo da mercoled\u00ec\u00bb. Le coste tirreniche saranno particolarmente colpite.<\/p>\n<p style=\"text-align: justify;\">LEGGI IL BOLLETTINO \u00a0<a href=\"http:\/\/www.radioluna.it\/news\/wp-content\/uploads\/2013\/10\/TX-NR.-19-AVVISO-METEO.pdf\">TX NR. 19 &#8211; AVVISO METEO<\/a><\/p>\n","protected":false},"excerpt":{"rendered":"<p>LATINA &#8211;\u00a0L&#8217;estate \u00e8 ormai agli sgoccioli. Nel week end, e almeno fino a mercoled\u00ec della prossima settimana, le giornate saranno all&#8217;insegna della pioggia e delle temperature decisamente pi\u00f9 fresche. \u00a0Brutte notizie per chi ha programmato un week end al mare: \u00abSabato sar\u00e0 la giornata peggiore, con nubifragi che raggiungeranno il Lazio nel pomeriggio\u00bb. I nubifragi [&hellip;]<\/p>\n","protected":false},"author":62,"featured_media":141865,"comment_status":"open","ping_status":"closed","sticky":false,"template":"","format":"standard","meta":{"footnotes":""},"categories":[735],"tags":[],"class_list":["post-141864","post","type-post","status-publish","format-standard","has-post-thumbnail","hentry","category-attualita"],"_links":{"self":[{"href":"https:\/\/www.radioluna.it\/news\/wp-json\/wp\/v2\/posts\/141864","targetHints":{"allow":["GET"]}}],"collection":[{"href":"https:\/\/www.radioluna.it\/news\/wp-json\/wp\/v2\/posts"}],"about":[{"href":"https:\/\/www.radioluna.it\/news\/wp-json\/wp\/v2\/types\/post"}],"author":[{"embeddable":true,"href":"https:\/\/www.radioluna.it\/news\/wp-json\/wp\/v2\/users\/62"}],"replies":[{"embeddable":true,"href":"https:\/\/www.radioluna.it\/news\/wp-json\/wp\/v2\/comments?post=141864"}],"version-history":[{"count":0,"href":"https:\/\/www.radioluna.it\/news\/wp-json\/wp\/v2\/posts\/141864\/revisions"}],"wp:featuredmedia":[{"embeddable":true,"href":"https:\/\/www.radioluna.it\/news\/wp-json\/wp\/v2\/media\/141865"}],"wp:attachment":[{"href":"https:\/\/www.radioluna.it\/news\/wp-json\/wp\/v2\/media?parent=141864"}],"wp:term":[{"taxonomy":"category","embeddable":true,"href":"https:\/\/www.radioluna.it\/news\/wp-json\/wp\/v2\/categories?post=141864"},{"taxonomy":"post_tag","embeddable":true,"href":"https:\/\/www.radioluna.it\/news\/wp-json\/wp\/v2\/tags?post=141864"}],"curies":[{"name":"wp","href":"https:\/\/api.w.org\/{rel}","templated":true}]}}