{"id":141889,"date":"2013-10-04T16:02:04","date_gmt":"2013-10-04T14:02:04","guid":{"rendered":"http:\/\/www.radioluna.it\/news\/?p=141889"},"modified":"2013-10-05T12:48:35","modified_gmt":"2013-10-05T10:48:35","slug":"il-latina-vola-a-trapani-in-sicilia-lottava-di-campionato","status":"publish","type":"post","link":"https:\/\/www.radioluna.it\/news\/2013\/10\/il-latina-vola-a-trapani-in-sicilia-lottava-di-campionato\/","title":{"rendered":"IL LATINA VOLA A TRAPANI<BR> In Sicilia l&#8217;ottava di Campionato &#8211; VIDEO"},"content":{"rendered":"<div id=\"fb-root\"><\/div>\n<p><iframe loading=\"lazy\" title=\"Luna Notizie - TRAPANI-LATINA INTERVISTA A BREDA\" width=\"740\" height=\"555\" src=\"https:\/\/www.youtube.com\/embed\/WHCxKNsc9SQ?feature=oembed\" frameborder=\"0\" allow=\"accelerometer; autoplay; clipboard-write; encrypted-media; gyroscope; picture-in-picture; web-share\" referrerpolicy=\"strict-origin-when-cross-origin\" allowfullscreen><\/iframe><\/p>\n<div id=\"attachment_141890\" style=\"width: 310px\" class=\"wp-caption alignleft\"><a href=\"http:\/\/www.radioluna.it\/news\/wp-content\/uploads\/2013\/10\/barraco.jpg\"><img loading=\"lazy\" decoding=\"async\" aria-describedby=\"caption-attachment-141890\" class=\"size-medium wp-image-141890\" alt=\"L'ex del match, Dario Barraco\" src=\"http:\/\/www.radioluna.it\/news\/wp-content\/uploads\/2013\/10\/barraco-300x225.jpg\" width=\"300\" height=\"225\" srcset=\"https:\/\/www.radioluna.it\/news\/wp-content\/uploads\/2013\/10\/barraco-300x225.jpg 300w, https:\/\/www.radioluna.it\/news\/wp-content\/uploads\/2013\/10\/barraco-768x576.jpg 768w, https:\/\/www.radioluna.it\/news\/wp-content\/uploads\/2013\/10\/barraco-500x375.jpg 500w, https:\/\/www.radioluna.it\/news\/wp-content\/uploads\/2013\/10\/barraco-800x600.jpg 800w, https:\/\/www.radioluna.it\/news\/wp-content\/uploads\/2013\/10\/barraco.jpg 1000w\" sizes=\"auto, (max-width: 300px) 100vw, 300px\" \/><\/a><p id=\"caption-attachment-141890\" class=\"wp-caption-text\">L&#8217;ex del match, Dario Barraco<\/p><\/div>\n<p style=\"text-align: justify;\">LATINA &#8211;\u00a0Il Latina \u00e8 partito nel pomeriggio dal Francioni per la Sicilia. La squadra nerazzurra domani sar\u00e0 a Trapani per l&#8217;ottava giornata del campionato di serie B e affronter\u00e0 una matricola che dopo una partenza sprint \u00e8 reduce da tre sconfitte consecutive. Atmosfera concentrata e serena nel gruppo nerazzurro che \u00a0in aereo raggiunger\u00e0 (da Fiumicino) lo scalo di Trapani Birgi.<\/p>\n<div style=\"text-align: justify;\">Non sar\u00e0 del match Ghezzal, che sconter\u00e0 il secondo turno di squalifica ma l&#8217;attesa \u00e8 rivolta soprattutto a Dario Barraco uno tra i protagonisti della scorsa stagione e che ha lasciato ottimi ricordi a Trapani con la maglia granata infatti ha sfiorato la promozione in serie B. &lt;Vedo che sta acquisendo certezze quotidiane&gt;, ha osservato Breda riferendosi a Barraco. E&#8217; stato recuperato definitivamente Alhassan mentre non ci sar\u00e0 Milani. A dirigere la partita sar\u00e0 Angelo Cervellera di Martina Franca.\u00a0 L&#8217;ultima vittoria pontina in Sicilia risale a 23 anni fa nel campionato di serie C2 quando i nerazzurri si imposero per 3-1. Il Latina domani intende allungare la striscia positiva di risultati, tre pareggi e una vittoria l&#8217;ultima con il Brescia da quando \u00e8 arrivato Breda e soprattutto\u00a0 l&#8217;obiettivo \u00e8 quello di fare risultato. &lt;Sar\u00e0 una battaglia&gt;, ha detto l&#8217;allenatore Roberto Breda alla vigilia della sfida.<\/div>\n<div><span style=\"font-family: Verdana, Arial; font-size: small;\">&#8212;-<br \/>\n<\/span><\/div>\n<div class=\"radio-posizionamento-telefono-in-articoli-dopo-il-contenuto-articolo radio-entity-placement\" id=\"radio-1295920339\"><div id=\"radio-2958446777\" style=\"width: 300px;height: 250px;\"><a href=\"https:\/\/www.icarspa.it\/auto\/usate\/latina\/\" aria-label=\"banner aprile icar new life &#8211; auto usate latina\"><img loading=\"lazy\" decoding=\"async\" src=\"https:\/\/www.radioluna.it\/news\/wp-content\/uploads\/2026\/02\/banner-aprile-icar-new-life-auto-usate-latina.gif\" alt=\"\"  width=\"300\" height=\"250\"   \/><\/a><\/div><\/div>","protected":false},"excerpt":{"rendered":"<p>LATINA &#8211;\u00a0Il Latina \u00e8 partito nel pomeriggio dal Francioni per la Sicilia. La squadra nerazzurra domani sar\u00e0 a Trapani per l&#8217;ottava giornata del campionato di serie B e affronter\u00e0 una matricola che dopo una partenza sprint \u00e8 reduce da tre sconfitte consecutive. Atmosfera concentrata e serena nel gruppo nerazzurro che \u00a0in aereo raggiunger\u00e0 (da Fiumicino) [&hellip;]<\/p>\n","protected":false},"author":60,"featured_media":141890,"comment_status":"open","ping_status":"closed","sticky":false,"template":"","format":"standard","meta":{"footnotes":""},"categories":[17,2312],"tags":[],"class_list":["post-141889","post","type-post","status-publish","format-standard","has-post-thumbnail","hentry","category-sport","category-video"],"_links":{"self":[{"href":"https:\/\/www.radioluna.it\/news\/wp-json\/wp\/v2\/posts\/141889","targetHints":{"allow":["GET"]}}],"collection":[{"href":"https:\/\/www.radioluna.it\/news\/wp-json\/wp\/v2\/posts"}],"about":[{"href":"https:\/\/www.radioluna.it\/news\/wp-json\/wp\/v2\/types\/post"}],"author":[{"embeddable":true,"href":"https:\/\/www.radioluna.it\/news\/wp-json\/wp\/v2\/users\/60"}],"replies":[{"embeddable":true,"href":"https:\/\/www.radioluna.it\/news\/wp-json\/wp\/v2\/comments?post=141889"}],"version-history":[{"count":0,"href":"https:\/\/www.radioluna.it\/news\/wp-json\/wp\/v2\/posts\/141889\/revisions"}],"wp:featuredmedia":[{"embeddable":true,"href":"https:\/\/www.radioluna.it\/news\/wp-json\/wp\/v2\/media\/141890"}],"wp:attachment":[{"href":"https:\/\/www.radioluna.it\/news\/wp-json\/wp\/v2\/media?parent=141889"}],"wp:term":[{"taxonomy":"category","embeddable":true,"href":"https:\/\/www.radioluna.it\/news\/wp-json\/wp\/v2\/categories?post=141889"},{"taxonomy":"post_tag","embeddable":true,"href":"https:\/\/www.radioluna.it\/news\/wp-json\/wp\/v2\/tags?post=141889"}],"curies":[{"name":"wp","href":"https:\/\/api.w.org\/{rel}","templated":true}]}}