{"id":142058,"date":"2013-10-08T18:01:34","date_gmt":"2013-10-08T16:01:34","guid":{"rendered":"http:\/\/www.radioluna.it\/news\/?p=142058"},"modified":"2013-10-08T18:01:34","modified_gmt":"2013-10-08T16:01:34","slug":"bilancio-comunale-maietta-si-va-verso-lapprovazione","status":"publish","type":"post","link":"https:\/\/www.radioluna.it\/news\/2013\/10\/bilancio-comunale-maietta-si-va-verso-lapprovazione\/","title":{"rendered":"BILANCIO COMUNALE<BR> Maietta: &#8220;Si va verso l&#8217;approvazione&#8221;"},"content":{"rendered":"<div id=\"fb-root\"><\/div>\n<div id=\"attachment_121787\" style=\"width: 310px\" class=\"wp-caption alignleft\"><a href=\"http:\/\/www.radioluna.it\/news\/wp-content\/uploads\/2012\/06\/PasqualeMaietta1.jpg\"><img loading=\"lazy\" decoding=\"async\" aria-describedby=\"caption-attachment-121787\" class=\"size-medium wp-image-121787\" alt=\"Pasquale Maietta\" src=\"http:\/\/www.radioluna.it\/news\/wp-content\/uploads\/2012\/06\/PasqualeMaietta1-300x189.jpg\" width=\"300\" height=\"189\" \/><\/a><p id=\"caption-attachment-121787\" class=\"wp-caption-text\">Pasquale Maietta<\/p><\/div>\n<p style=\"text-align: justify;\"><strong>LATINA &#8211;<\/strong> \u201cCon la discussione in Consiglio comunale delle tariffe legate alla Tares e al Piano finanziario del sevizio gestione rifiuti, inizia domani la fase finale di un lungo lavoro che ci porter\u00e0 all\u2019approvazione di un bilancio equilibrato ma soprattutto attento alle esigenze della citt\u00e0, basato sul principio del mantenimento del livello dei servizi senza incidere sulle tasche dei cittadini\u201d.<br \/>\nLo afferma l\u2019assessore al bilancio del Comune di Latina, on. Pasquale Maietta, che interviene in merito alla seduta del Consiglio comunale fissata per domani mattina:<br \/>\n\u201cAbbiamo lavorato in questi mesi per procedere all\u2019approvazione del bilancio di previsione nel pi\u00f9 breve tempo possibile, ma lo slittamento dei termini \u00e8 stato causato dalle novit\u00e0 e dalle note incertezze del Governo centrale sui criteri di riscossione delle imposte, in particolare l\u2019Imu e la Tares. Proprio in considerazione di ci\u00f2, la proroga del termine per la predisposizione dei bilanci di previsione dei Comuni \u00e8 stata chiesta e ottenuta dall\u2019Anci nazionale perch\u00e9 tutti i Comuni d\u2019Italia sono alle prese con le stesse difficolt\u00e0.<br \/>\nAnche se domani mattina, con ogni probabilit\u00e0, sar\u00f2 costretto a saltare questa seduta consiliare perch\u00e9 impegnato in una riunione urgente della Commissione Finanze della Camera, ci tengo a sottolineare che per superare le difficolt\u00e0 legate agli ingenti tagli da parte del Governo, la Commissione bilancio e gli uffici comunali stanno lavorando da tempo a pieno ritmo, seguendo gli indirizzi della maggioranza per dare vita ad un bilancio rigoroso ma al contempo attento alle istanze dei cittadini.<br \/>\nDel resto \u2013 conclude Maietta \u2013 anche quest\u2019anno il Comune di Latina deve fare i conti con i drastici tagli al bilancio derivanti dai mancati trasferimenti del Governo centrale. Una situazione non pi\u00f9 sostenibile che richiede una profonda riforma della fiscalit\u00e0 locale a vantaggio finalmente dei Comuni e, quindi, dei cittadini. Va in tale direzione il mio impegno di questi mesi alla Camera dei Deputati, in Commissione Finanze che domani vedr\u00e0 la discussione di un tema cruciale circa le Disposizioni urgenti in materia di IMU, di altra fiscalit\u00e0 immobiliare, di sostegno alle politiche abitative e di finanza locale, nonch\u00e9 di cassa integrazione guadagni e di trattamenti pensionistici.\u201d<\/p>\n<p>&nbsp;<\/p>\n","protected":false},"excerpt":{"rendered":"<p>LATINA &#8211; \u201cCon la discussione in Consiglio comunale delle tariffe legate alla Tares e al Piano finanziario del sevizio gestione rifiuti, inizia domani la fase finale di un lungo lavoro che ci porter\u00e0 all\u2019approvazione di un bilancio equilibrato ma soprattutto attento alle esigenze della citt\u00e0, basato sul principio del mantenimento del livello dei servizi senza [&hellip;]<\/p>\n","protected":false},"author":60,"featured_media":0,"comment_status":"open","ping_status":"closed","sticky":false,"template":"","format":"standard","meta":{"footnotes":""},"categories":[8],"tags":[],"class_list":["post-142058","post","type-post","status-publish","format-standard","hentry","category-politica"],"_links":{"self":[{"href":"https:\/\/www.radioluna.it\/news\/wp-json\/wp\/v2\/posts\/142058","targetHints":{"allow":["GET"]}}],"collection":[{"href":"https:\/\/www.radioluna.it\/news\/wp-json\/wp\/v2\/posts"}],"about":[{"href":"https:\/\/www.radioluna.it\/news\/wp-json\/wp\/v2\/types\/post"}],"author":[{"embeddable":true,"href":"https:\/\/www.radioluna.it\/news\/wp-json\/wp\/v2\/users\/60"}],"replies":[{"embeddable":true,"href":"https:\/\/www.radioluna.it\/news\/wp-json\/wp\/v2\/comments?post=142058"}],"version-history":[{"count":0,"href":"https:\/\/www.radioluna.it\/news\/wp-json\/wp\/v2\/posts\/142058\/revisions"}],"wp:attachment":[{"href":"https:\/\/www.radioluna.it\/news\/wp-json\/wp\/v2\/media?parent=142058"}],"wp:term":[{"taxonomy":"category","embeddable":true,"href":"https:\/\/www.radioluna.it\/news\/wp-json\/wp\/v2\/categories?post=142058"},{"taxonomy":"post_tag","embeddable":true,"href":"https:\/\/www.radioluna.it\/news\/wp-json\/wp\/v2\/tags?post=142058"}],"curies":[{"name":"wp","href":"https:\/\/api.w.org\/{rel}","templated":true}]}}