{"id":142080,"date":"2013-10-09T16:14:00","date_gmt":"2013-10-09T14:14:00","guid":{"rendered":"http:\/\/www.radioluna.it\/news\/?p=142080"},"modified":"2013-10-09T16:14:00","modified_gmt":"2013-10-09T14:14:00","slug":"fattorie-didattiche-forte-nuova-opportunita-per-imprese-e-territorio","status":"publish","type":"post","link":"https:\/\/www.radioluna.it\/news\/2013\/10\/fattorie-didattiche-forte-nuova-opportunita-per-imprese-e-territorio\/","title":{"rendered":"FATTORIE DIDATTICHE<BR> Forte: &#8220;Nuova opportunit\u00e0 per imprese e territorio&#8221;"},"content":{"rendered":"<div id=\"fb-root\"><\/div>\n<div id=\"attachment_130138\" style=\"width: 210px\" class=\"wp-caption alignleft\"><a href=\"http:\/\/www.radioluna.it\/news\/wp-content\/uploads\/2013\/01\/enrico-forte-200x300.jpeg\"><img loading=\"lazy\" decoding=\"async\" aria-describedby=\"caption-attachment-130138\" class=\"size-full wp-image-130138\" alt=\"Enrico Forte\" src=\"http:\/\/www.radioluna.it\/news\/wp-content\/uploads\/2013\/01\/enrico-forte-200x300.jpeg\" width=\"200\" height=\"300\" \/><\/a><p id=\"caption-attachment-130138\" class=\"wp-caption-text\">Enrico Forte<\/p><\/div>\n<p style=\"text-align: justify;\"><strong>LATINA &#8211;<\/strong> Le fattorie didattiche rappresentano una nuova opportunit\u00e0 per qualificare e rafforzare l\u2019orientamento ormai multifunzionale delle imprese agricole oltre che uno strumento per riavvicinare le persone, in particolare i giovani, al mondo rurale inteso come spazio sociale, economico e culturale&gt;.<\/p>\n<p style=\"text-align: justify;\">Il consigliere regionale Enrico Forte spiega cos\u00ec le motivazioni che lo hanno indotto a presentare nei giorni scorsi una proposta di legge regionale contenente le norme per la disciplina delle fattorie didattiche. I sette articoli dei quali il testo \u00e8 composto fissano i criteri destinati a regolamentare le attivit\u00e0 nelle aziende agricole che coniugano la produzione ad attivit\u00e0 didattiche e formativo-divulgative a favore delle scuole e di altri utenti.<br \/>\n&lt;La multifunzionalit\u00e0 \u2013 spiega il consigliere regionale del Pd \u2013 \u00e8 divenuta la nuova frontiera dell\u2019agricoltura moderna: le molteplici esperienze in atto testimoniano infatti che gli operatori che sviluppano questa vocazione ad aprirsi all\u2019esterno non devono rinunciare alla sostenibilit\u00e0 economica che pu\u00f2 invece beneficiare del rinnovato rapporto di integrazione con il territorio. La mia proposta di legge, \u2013 prosegue \u2013 che prende spunto dagli orientamenti dell\u2019Unione Europea sulla multifunzionalit\u00e0 dell\u2019agricoltura moderna, mira a disciplinare le attivit\u00e0 di fattorie didattiche non soltanto nelle aziende agrituristiche ma in tutte le aziende agricole che si dotano degli strumenti e delle struttura necessarie per ospitare i partecipanti alle attivit\u00e0 didattiche. Queste ultime peraltro saranno espressamente previste dalla carta degli impegni denominata \u201cCarta della qualit\u00e0\u201d&gt;.<br \/>\nIl progetto regolamenta infatti la figura dell\u2019operatore di tale attivit\u00e0, i percorsi didattici in linea con la produzione aziendale, la formazione degli operatori e l\u2019istituzione di un apposito albo regionale delle fattorie didattiche.<br \/>\n&lt;L\u2019obiettivo \u2013 aggiunge Forte \u2013 \u00e8 quello di sfruttare al meglio le potenzialit\u00e0 delle aziende agricole sempre pi\u00f9 orientate a diversificare la propria attivit\u00e0 e alo stesso tempo recepire gli orientamenti tracciati dalla riforma comunitaria oltre che far conoscere il mondo agricolo e le sue tradizioni, il ciclo delle colture e degli allevamenti, la preparazione degli alimenti e il processo di produzione dell\u2019agroalimentare, l\u2019importanza del suolo e dell\u2019acqua. Sono convinto \u2013 conclude \u2013 che per la provincia di Latina e per la marcata vocazione agricola del suo territorio l\u2019inserimento delle fattorie didattiche nelle attivit\u00e0 delle aziende potr\u00e0 rappresentare un fattore di crescita e di rinnovato sviluppo economico&gt;.<\/p>\n<p style=\"text-align: justify;\">\n","protected":false},"excerpt":{"rendered":"<p>LATINA &#8211; Le fattorie didattiche rappresentano una nuova opportunit\u00e0 per qualificare e rafforzare l\u2019orientamento ormai multifunzionale delle imprese agricole oltre che uno strumento per riavvicinare le persone, in particolare i giovani, al mondo rurale inteso come spazio sociale, economico e culturale&gt;. Il consigliere regionale Enrico Forte spiega cos\u00ec le motivazioni che lo hanno indotto a [&hellip;]<\/p>\n","protected":false},"author":60,"featured_media":130138,"comment_status":"open","ping_status":"closed","sticky":false,"template":"","format":"standard","meta":{"footnotes":""},"categories":[8],"tags":[],"class_list":["post-142080","post","type-post","status-publish","format-standard","has-post-thumbnail","hentry","category-politica"],"_links":{"self":[{"href":"https:\/\/www.radioluna.it\/news\/wp-json\/wp\/v2\/posts\/142080","targetHints":{"allow":["GET"]}}],"collection":[{"href":"https:\/\/www.radioluna.it\/news\/wp-json\/wp\/v2\/posts"}],"about":[{"href":"https:\/\/www.radioluna.it\/news\/wp-json\/wp\/v2\/types\/post"}],"author":[{"embeddable":true,"href":"https:\/\/www.radioluna.it\/news\/wp-json\/wp\/v2\/users\/60"}],"replies":[{"embeddable":true,"href":"https:\/\/www.radioluna.it\/news\/wp-json\/wp\/v2\/comments?post=142080"}],"version-history":[{"count":0,"href":"https:\/\/www.radioluna.it\/news\/wp-json\/wp\/v2\/posts\/142080\/revisions"}],"wp:featuredmedia":[{"embeddable":true,"href":"https:\/\/www.radioluna.it\/news\/wp-json\/wp\/v2\/media\/130138"}],"wp:attachment":[{"href":"https:\/\/www.radioluna.it\/news\/wp-json\/wp\/v2\/media?parent=142080"}],"wp:term":[{"taxonomy":"category","embeddable":true,"href":"https:\/\/www.radioluna.it\/news\/wp-json\/wp\/v2\/categories?post=142080"},{"taxonomy":"post_tag","embeddable":true,"href":"https:\/\/www.radioluna.it\/news\/wp-json\/wp\/v2\/tags?post=142080"}],"curies":[{"name":"wp","href":"https:\/\/api.w.org\/{rel}","templated":true}]}}