{"id":142084,"date":"2013-10-09T16:22:07","date_gmt":"2013-10-09T14:22:07","guid":{"rendered":"http:\/\/www.radioluna.it\/news\/?p=142084"},"modified":"2013-10-09T16:22:07","modified_gmt":"2013-10-09T14:22:07","slug":"terra-madre-ventotene-isola-slow","status":"publish","type":"post","link":"https:\/\/www.radioluna.it\/news\/2013\/10\/terra-madre-ventotene-isola-slow\/","title":{"rendered":"TERRA MADRE<BR> Ventotene &#8220;Isola Slow&#8221;"},"content":{"rendered":"<div id=\"fb-root\"><\/div>\n<div id=\"attachment_121886\" style=\"width: 310px\" class=\"wp-caption alignleft\"><a href=\"http:\/\/www.radioluna.it\/news\/wp-content\/uploads\/2012\/06\/ventotene-faro.jpg\"><img loading=\"lazy\" decoding=\"async\" aria-describedby=\"caption-attachment-121886\" class=\"size-medium wp-image-121886\" alt=\"Ventotene\" src=\"http:\/\/www.radioluna.it\/news\/wp-content\/uploads\/2012\/06\/ventotene-faro-300x225.jpg\" width=\"300\" height=\"225\" srcset=\"https:\/\/www.radioluna.it\/news\/wp-content\/uploads\/2012\/06\/ventotene-faro-300x225.jpg 300w, https:\/\/www.radioluna.it\/news\/wp-content\/uploads\/2012\/06\/ventotene-faro.jpg 500w\" sizes=\"auto, (max-width: 300px) 100vw, 300px\" \/><\/a><p id=\"caption-attachment-121886\" class=\"wp-caption-text\">Ventotene<\/p><\/div>\n<p style=\"text-align: justify;\"><strong>VENTOTENE &#8211;<\/strong> Con la fine della stagione estiva Ventotene, come tante altre piccole isole, comincia a vivere il suo vero isolamento. L&#8217;isola si svuota di turisti e residenti stagionali e torna a essere un paese di pochi isolani ostinati che resistono al progressivo abbandono del territorio. Sono contadini, pescatori, imprenditori e ristoratori locali determinati a mantenere viva la comunit\u00e0 e l\u2019economia dell&#8217;isola. E\u2019 cos\u00ec che \u00e8 nata la Comunit\u00e0 dei contadini di Ventotene per Terra Madre, gi\u00e0 attiva dallo scorso luglio.<\/p>\n<p style=\"text-align: justify;\">L\u2019obiettivo \u00e8 conservare e diffondere la memoria dei prodotti tipici e delle tradizioni isolane. E anche rilanciare l\u2019economia e promuovere un modo diverso di fare turismo, nell\u2019ottica della sostenibilit\u00e0 e dell\u2019armonia con un ambiente limitato e fragile.<\/p>\n<p style=\"text-align: justify;\">I contadini di Ventotene si sono organizzati, hanno progettato e creato una rete. La Comunit\u00e0 \u00e8 oggi parte del progetto Isole Slow, l&#8217;organizzazione che, nell\u2019ambito della rete mondiale di Slow Food, unisce tutte le isole minori del Mediterraneo. Si tratta di un gruppo di piccole isole che lavorano insieme per affrontare tematiche comuni, risolvere problemi, focalizzare le difficolt\u00e0 che le piccole produzioni di terra e di mare incontrano ogni giorno.<\/p>\n<p style=\"text-align: justify;\">I prossimi 12 e 13 ottobre anche la Comunit\u00e0 dei Contadini di Ventotene per Terra Madre far\u00e0 parte di una delegazione italiana di 40 membri che parteciper\u00e0 al IV\u00b0 incontro della Rete Internazionale delle Isole Slow a Cipro. Il tema \u00e8 \u201cIl Turismo Sostenibile sulle isole, esempi internazionali di applicazione pratica, prospettive, collaborazione, ampliamento e consolidamento della rete nel Mediterraneo\u201d.<\/p>\n<p style=\"text-align: justify;\">Ventotene ha infatti una lunga tradizione di sussistenza e autonomia alimentare: fin dall&#8217;epoca romana e poi con la colonizzazione borbonica, l&#8217;agricoltura ha sempre rappresentato un&#8217;attivit\u00e0 fondamentale per gli isolani, capace di provvedere al sostentamento di una comunit\u00e0 ben pi\u00f9 numerosa di quella attuale.<\/p>\n<p style=\"text-align: justify;\">Tra le iniziative gi\u00e0 avviate e curate dalla Comunit\u00e0 di contadini c&#8217;\u00e8 il progetto \u201cVentotene e le Quattro Stagioni\u201d &#8211; che porter\u00e0 sull&#8217;isola per quattro volte all&#8217;anno gli studenti di un Istituto Agrario per partecipare nelle diverse stagioni ai lavori dei campi. Oltre a questo \u00e8 stato attivato il progetto \u201cProxenia\u201d, finalizzato al reinserimento lavorativo dei richiedenti asilo e dei rifugiati ospiti di una Cooperativa Sociale<\/p>\n","protected":false},"excerpt":{"rendered":"<p>VENTOTENE &#8211; Con la fine della stagione estiva Ventotene, come tante altre piccole isole, comincia a vivere il suo vero isolamento. L&#8217;isola si svuota di turisti e residenti stagionali e torna a essere un paese di pochi isolani ostinati che resistono al progressivo abbandono del territorio. Sono contadini, pescatori, imprenditori e ristoratori locali determinati a [&hellip;]<\/p>\n","protected":false},"author":60,"featured_media":121886,"comment_status":"open","ping_status":"closed","sticky":false,"template":"","format":"standard","meta":{"footnotes":""},"categories":[16,735],"tags":[],"class_list":["post-142084","post","type-post","status-publish","format-standard","has-post-thumbnail","hentry","category-appuntamenti","category-attualita"],"_links":{"self":[{"href":"https:\/\/www.radioluna.it\/news\/wp-json\/wp\/v2\/posts\/142084","targetHints":{"allow":["GET"]}}],"collection":[{"href":"https:\/\/www.radioluna.it\/news\/wp-json\/wp\/v2\/posts"}],"about":[{"href":"https:\/\/www.radioluna.it\/news\/wp-json\/wp\/v2\/types\/post"}],"author":[{"embeddable":true,"href":"https:\/\/www.radioluna.it\/news\/wp-json\/wp\/v2\/users\/60"}],"replies":[{"embeddable":true,"href":"https:\/\/www.radioluna.it\/news\/wp-json\/wp\/v2\/comments?post=142084"}],"version-history":[{"count":0,"href":"https:\/\/www.radioluna.it\/news\/wp-json\/wp\/v2\/posts\/142084\/revisions"}],"wp:featuredmedia":[{"embeddable":true,"href":"https:\/\/www.radioluna.it\/news\/wp-json\/wp\/v2\/media\/121886"}],"wp:attachment":[{"href":"https:\/\/www.radioluna.it\/news\/wp-json\/wp\/v2\/media?parent=142084"}],"wp:term":[{"taxonomy":"category","embeddable":true,"href":"https:\/\/www.radioluna.it\/news\/wp-json\/wp\/v2\/categories?post=142084"},{"taxonomy":"post_tag","embeddable":true,"href":"https:\/\/www.radioluna.it\/news\/wp-json\/wp\/v2\/tags?post=142084"}],"curies":[{"name":"wp","href":"https:\/\/api.w.org\/{rel}","templated":true}]}}