{"id":142135,"date":"2013-10-11T09:06:59","date_gmt":"2013-10-11T07:06:59","guid":{"rendered":"http:\/\/www.radioluna.it\/news\/?p=142135"},"modified":"2013-12-09T10:11:02","modified_gmt":"2013-12-09T09:11:02","slug":"fondi-alla-scuola-primo-sciopero-pochi-studenti-fuori-dalle-sedi-per-il-corteo-di-protesta","status":"publish","type":"post","link":"https:\/\/www.radioluna.it\/news\/2013\/10\/fondi-alla-scuola-primo-sciopero-pochi-studenti-fuori-dalle-sedi-per-il-corteo-di-protesta\/","title":{"rendered":"FONDI ALLA SCUOLA, PRIMO SCIOPERO<BR> Pochi studenti in Piazza del Popolo per il corteo di protesta"},"content":{"rendered":"<div id=\"fb-root\"><\/div>\n<div id=\"attachment_142136\" style=\"width: 310px\" class=\"wp-caption alignleft\"><a href=\"http:\/\/www.radioluna.it\/news\/wp-content\/uploads\/2013\/10\/manifestazione-scuola-11-10-13.jpg\"><img loading=\"lazy\" decoding=\"async\" aria-describedby=\"caption-attachment-142136\" class=\"size-medium wp-image-142136\" alt=\"manifestazione scuola 11-10-13\" src=\"http:\/\/www.radioluna.it\/news\/wp-content\/uploads\/2013\/10\/manifestazione-scuola-11-10-13-300x225.jpg\" width=\"300\" height=\"225\" srcset=\"https:\/\/www.radioluna.it\/news\/wp-content\/uploads\/2013\/10\/manifestazione-scuola-11-10-13-300x225.jpg 300w, https:\/\/www.radioluna.it\/news\/wp-content\/uploads\/2013\/10\/manifestazione-scuola-11-10-13-500x375.jpg 500w, https:\/\/www.radioluna.it\/news\/wp-content\/uploads\/2013\/10\/manifestazione-scuola-11-10-13.jpg 640w\" sizes=\"auto, (max-width: 300px) 100vw, 300px\" \/><\/a><p id=\"caption-attachment-142136\" class=\"wp-caption-text\">Piazza del Popolo ancora deserta alle 9<\/p><\/div>\n<div id=\"attachment_142153\" style=\"width: 310px\" class=\"wp-caption alignleft\"><a href=\"http:\/\/www.radioluna.it\/news\/wp-content\/uploads\/2013\/10\/protesta-scuola.jpg\"><img loading=\"lazy\" decoding=\"async\" aria-describedby=\"caption-attachment-142153\" class=\"size-medium wp-image-142153\" alt=\"protesta scuola\" src=\"http:\/\/www.radioluna.it\/news\/wp-content\/uploads\/2013\/10\/protesta-scuola-300x225.jpg\" width=\"300\" height=\"225\" srcset=\"https:\/\/www.radioluna.it\/news\/wp-content\/uploads\/2013\/10\/protesta-scuola-300x225.jpg 300w, https:\/\/www.radioluna.it\/news\/wp-content\/uploads\/2013\/10\/protesta-scuola-500x375.jpg 500w, https:\/\/www.radioluna.it\/news\/wp-content\/uploads\/2013\/10\/protesta-scuola.jpg 640w\" sizes=\"auto, (max-width: 300px) 100vw, 300px\" \/><\/a><p id=\"caption-attachment-142153\" class=\"wp-caption-text\">Sotto le attese gli studenti che hanno preso parte alla protesta<\/p><\/div>\n<p style=\"text-align: justify;\">LATINA &#8211; La pioggia frena il primo corteo di protesta degli studenti delle scuole superiori di Latina indetto per oggi. \u00a0Anche se solo una netta minoranza degli alunni ha deciso di entrare in classe, i numeri dei ragazzi \u00a0che si sono radunati e si preparano a sfilare con partenza da Piazza del Popolo, \u00e8 decisamente esiguo rispetto alle attese, nonostante le buone ragioni che ispirano il primo sciopero stagionale.<\/p>\n<p style=\"text-align: justify;\">&#8216;Non c&#8217;\u00e8 pi\u00f9 tempo \u00e8 lo slogan scelto dagli studenti che oggi in circa 80 citt\u00e0 italiane scenderanno in piazza nella prima data di mobilitazione lanciata dall&#8217;Unione degli Studenti. \u00abNon c&#8217;\u00e8 pi\u00f9 tempo da perdere con le politiche di austerit\u00e0. Da parte dell&#8217;attuale governo non c&#8217;\u00e8 stata nessuna reale inversione di tendenza. Mentre alla scuola pubblica e al welfare vengono destinate poche briciole&#8221; \u00a0&#8211; dichiara Roberto Campanelli, Coordinatore Nazionale dell&#8217;Unione degli Studenti.<\/p>\n<p style=\"text-align: justify;\">In Piazza del Popolo \u00e8 schierato il servizio d&#8217;ordine, predisposto dalla Questura.<\/p>\n","protected":false},"excerpt":{"rendered":"<p>LATINA &#8211; La pioggia frena il primo corteo di protesta degli studenti delle scuole superiori di Latina indetto per oggi. \u00a0Anche se solo una netta minoranza degli alunni ha deciso di entrare in classe, i numeri dei ragazzi \u00a0che si sono radunati e si preparano a sfilare con partenza da Piazza del Popolo, \u00e8 decisamente [&hellip;]<\/p>\n","protected":false},"author":62,"featured_media":142154,"comment_status":"open","ping_status":"closed","sticky":false,"template":"","format":"standard","meta":{"footnotes":""},"categories":[248],"tags":[],"class_list":["post-142135","post","type-post","status-publish","format-standard","has-post-thumbnail","hentry","category-istruzione"],"_links":{"self":[{"href":"https:\/\/www.radioluna.it\/news\/wp-json\/wp\/v2\/posts\/142135","targetHints":{"allow":["GET"]}}],"collection":[{"href":"https:\/\/www.radioluna.it\/news\/wp-json\/wp\/v2\/posts"}],"about":[{"href":"https:\/\/www.radioluna.it\/news\/wp-json\/wp\/v2\/types\/post"}],"author":[{"embeddable":true,"href":"https:\/\/www.radioluna.it\/news\/wp-json\/wp\/v2\/users\/62"}],"replies":[{"embeddable":true,"href":"https:\/\/www.radioluna.it\/news\/wp-json\/wp\/v2\/comments?post=142135"}],"version-history":[{"count":0,"href":"https:\/\/www.radioluna.it\/news\/wp-json\/wp\/v2\/posts\/142135\/revisions"}],"wp:featuredmedia":[{"embeddable":true,"href":"https:\/\/www.radioluna.it\/news\/wp-json\/wp\/v2\/media\/142154"}],"wp:attachment":[{"href":"https:\/\/www.radioluna.it\/news\/wp-json\/wp\/v2\/media?parent=142135"}],"wp:term":[{"taxonomy":"category","embeddable":true,"href":"https:\/\/www.radioluna.it\/news\/wp-json\/wp\/v2\/categories?post=142135"},{"taxonomy":"post_tag","embeddable":true,"href":"https:\/\/www.radioluna.it\/news\/wp-json\/wp\/v2\/tags?post=142135"}],"curies":[{"name":"wp","href":"https:\/\/api.w.org\/{rel}","templated":true}]}}