{"id":142162,"date":"2013-10-11T13:13:18","date_gmt":"2013-10-11T11:13:18","guid":{"rendered":"http:\/\/www.radioluna.it\/news\/?p=142162"},"modified":"2013-10-11T13:13:18","modified_gmt":"2013-10-11T11:13:18","slug":"sequestro-pontili-a-rio-martino-nasce-il-comitato-pro-darsena","status":"publish","type":"post","link":"https:\/\/www.radioluna.it\/news\/2013\/10\/sequestro-pontili-a-rio-martino-nasce-il-comitato-pro-darsena\/","title":{"rendered":"SEQUESTRO PONTILI A RIO MARTINO<BR> Nasce il &#8220;Comitato Pro Darsena&#8221;"},"content":{"rendered":"<div id=\"fb-root\"><\/div>\n<div id=\"attachment_114000\" style=\"width: 310px\" class=\"wp-caption alignleft\"><a href=\"http:\/\/www.radioluna.it\/news\/wp-content\/uploads\/2012\/01\/rio-martino.jpeg\"><img loading=\"lazy\" decoding=\"async\" aria-describedby=\"caption-attachment-114000\" class=\"size-medium wp-image-114000\" alt=\"Porto Canale di Rio Martino\" src=\"http:\/\/www.radioluna.it\/news\/wp-content\/uploads\/2012\/01\/rio-martino-300x224.jpg\" width=\"300\" height=\"224\" srcset=\"https:\/\/www.radioluna.it\/news\/wp-content\/uploads\/2012\/01\/rio-martino-300x224.jpg 300w, https:\/\/www.radioluna.it\/news\/wp-content\/uploads\/2012\/01\/rio-martino-500x374.jpeg 500w, https:\/\/www.radioluna.it\/news\/wp-content\/uploads\/2012\/01\/rio-martino.jpeg 742w\" sizes=\"auto, (max-width: 300px) 100vw, 300px\" \/><\/a><p id=\"caption-attachment-114000\" class=\"wp-caption-text\">Porto Canale di Rio Martino<\/p><\/div>\n<p style=\"text-align: justify;\">LATINA &#8211; Un comitato spontaneo per chiedere che la darsena di Rio Martino resti fruibile. Si \u00e8 costituito per iniziativa \u00a0di un gruppo di diportisti, pescatori e residenti che hanno indetto per domani, sabato 12 ottobre, alle 12 una prima riunione nel Piazzale di Rio Martino. La decisione arriva dopo il sequestro dei pontili della Geport disposto dalla Procura della Repubblica di Latina ed eseguito nei giorni scorsi dal Nipaf della Forestale, per scadenza della concessione.<\/p>\n<p style=\"text-align: justify;\">&#8220;La nautica di Latina non pu\u00f2 morire cos\u00ec&#8221;, \u00e8 l&#8217;assunto da cui partono i promotori del comitato che invitano chiunque sia interessato ad intervenire per dire la propria. Il sequestro \u00a0&#8211; lo ricordiamo &#8211; ha interessato quattro pontili e le relative strutture per un totale di circa 180 posti barca. La Procura ha disposto anche la rimozione dei natanti che dovranno trovare altri ormeggi in attesa che il Comune vari il bando per la nuova gestione e si svolga la gara per l&#8217;affidamento del servizio.<\/p>\n","protected":false},"excerpt":{"rendered":"<p>LATINA &#8211; Un comitato spontaneo per chiedere che la darsena di Rio Martino resti fruibile. Si \u00e8 costituito per iniziativa \u00a0di un gruppo di diportisti, pescatori e residenti che hanno indetto per domani, sabato 12 ottobre, alle 12 una prima riunione nel Piazzale di Rio Martino. La decisione arriva dopo il sequestro dei pontili della [&hellip;]<\/p>\n","protected":false},"author":62,"featured_media":114000,"comment_status":"open","ping_status":"closed","sticky":false,"template":"","format":"standard","meta":{"footnotes":""},"categories":[7],"tags":[],"class_list":["post-142162","post","type-post","status-publish","format-standard","has-post-thumbnail","hentry","category-cronaca"],"_links":{"self":[{"href":"https:\/\/www.radioluna.it\/news\/wp-json\/wp\/v2\/posts\/142162","targetHints":{"allow":["GET"]}}],"collection":[{"href":"https:\/\/www.radioluna.it\/news\/wp-json\/wp\/v2\/posts"}],"about":[{"href":"https:\/\/www.radioluna.it\/news\/wp-json\/wp\/v2\/types\/post"}],"author":[{"embeddable":true,"href":"https:\/\/www.radioluna.it\/news\/wp-json\/wp\/v2\/users\/62"}],"replies":[{"embeddable":true,"href":"https:\/\/www.radioluna.it\/news\/wp-json\/wp\/v2\/comments?post=142162"}],"version-history":[{"count":0,"href":"https:\/\/www.radioluna.it\/news\/wp-json\/wp\/v2\/posts\/142162\/revisions"}],"wp:featuredmedia":[{"embeddable":true,"href":"https:\/\/www.radioluna.it\/news\/wp-json\/wp\/v2\/media\/114000"}],"wp:attachment":[{"href":"https:\/\/www.radioluna.it\/news\/wp-json\/wp\/v2\/media?parent=142162"}],"wp:term":[{"taxonomy":"category","embeddable":true,"href":"https:\/\/www.radioluna.it\/news\/wp-json\/wp\/v2\/categories?post=142162"},{"taxonomy":"post_tag","embeddable":true,"href":"https:\/\/www.radioluna.it\/news\/wp-json\/wp\/v2\/tags?post=142162"}],"curies":[{"name":"wp","href":"https:\/\/api.w.org\/{rel}","templated":true}]}}