{"id":142269,"date":"2013-10-14T16:09:24","date_gmt":"2013-10-14T14:09:24","guid":{"rendered":"http:\/\/www.radioluna.it\/news\/?p=142269"},"modified":"2013-10-14T16:09:24","modified_gmt":"2013-10-14T14:09:24","slug":"rassegna-delluva-e-del-vino-successo-ad-aprilia","status":"publish","type":"post","link":"https:\/\/www.radioluna.it\/news\/2013\/10\/rassegna-delluva-e-del-vino-successo-ad-aprilia\/","title":{"rendered":"RASSEGNA DELL&#8217;UVA E DEL VINO<BR> Successo ad Aprilia"},"content":{"rendered":"<div id=\"fb-root\"><\/div>\n<p style=\"text-align: justify;\"><strong><a href=\"http:\/\/www.radioluna.it\/news\/wp-content\/uploads\/2013\/04\/aprilia_aprilia.jpg\"><img loading=\"lazy\" decoding=\"async\" class=\"alignleft size-full wp-image-134769\" alt=\"aprilia_aprilia\" src=\"http:\/\/www.radioluna.it\/news\/wp-content\/uploads\/2013\/04\/aprilia_aprilia.jpg\" width=\"142\" height=\"200\" \/><\/a>APRILIA &#8211;<\/strong> Si \u00e8 conclusa ieri sera, con un importante riscontro di pubblico e da parte degli operatori del comparto agricolo, la rassegna dell\u2019Uva e del Vino promossa in Piazza Roma dall\u2019Assessorato alle Attivit\u00e0 Produttive e Tempo Libero.<\/p>\n<p style=\"text-align: justify;\">La giornata, cui hanno preso parte tredici cantine del territorio, diverse associazioni e gli operatori del mercato contadino di Aprilia (il mercato ortofrutticolo a km zero) \u00e8 stata inaugurata ufficialmente in aula consiliare con il convegno sui percorsi enogastronomici della Citt\u00e0 di Aprilia. L\u2019iniziativa, alla quale hanno preso parte il Sindaco Antonio Terra e l\u2019Assessore Vittorio Marchitti, ha visto l\u2019ampia partecipazione degli addetti ai lavori, rappresentanti dell\u2019intero comparto agricolo, ma anche di molti cittadini interessati.<\/p>\n<p style=\"text-align: justify;\">Nel corso della conferenza, il primo cittadino ha confermato la volont\u00e0 della pubblica amministrazione di rilanciare le attivit\u00e0 produttive, e come logica conseguenza il dato occupazionale, aumentandone l\u2019offerta grazie alle peculiarit\u00e0 stesse del territorio, la sua vocazione agricola, artigianale, manifatturiera e le sue ancora inespresse potenzialit\u00e0 nel settore della ricettivit\u00e0 turistica.<\/p>\n<p style=\"text-align: justify;\">L\u2019Assessore Marchitti ha successivamente illustrato il progetto dell\u2019amministrazione, che coinvolge la sfera urbanistica con la restituzione dell\u2019identit\u00e0 del centro storico e il risanamento delle periferie, cos\u00ec come investe i diversi settori produttivi per la costituzione e il consolidamento di un \u201cbrand\u201d della Citt\u00e0 di Aprilia, per la valorizzazione dei prodotti agricoli tipici (olio, vino, kiwi, miele) anche attraverso l\u2019inserimento delle aziende agrivinicole del territorio nei percorsi enogastronomici regionali e nazionali, nonch\u00e9 rilanciare le vie secondarie del territorio attraverso la nascita di strade del \u201ccommercio dedicato\u201d.<\/p>\n<p>Per questo, l\u2019Amministrazione ha inteso gi\u00e0 lanciare un tavolo tecnico con gli operatori del settore, di prossima convocazione presso l\u2019Assessorato alle Attivit\u00e0 Produttive.<\/p>\n<p>Nel corso del pomeriggio, al termine delle iniziative pubbliche promosse nell\u2019ambito della rassegna dell\u2019Uva e del Vino (esposizione di mezzi agricoli e rievocazione delle antiche procedure di pigiatura e vinificazione, nonch\u00e9 spettacoli di musica folklorica), in Piazza Roma si \u00e8 tenuta l\u2019estrazione dei numeri vincenti della lotteria abbinata alla Festa di San Michele Arcangelo<\/p>\n<p>&nbsp;<\/p>\n","protected":false},"excerpt":{"rendered":"<p>APRILIA &#8211; Si \u00e8 conclusa ieri sera, con un importante riscontro di pubblico e da parte degli operatori del comparto agricolo, la rassegna dell\u2019Uva e del Vino promossa in Piazza Roma dall\u2019Assessorato alle Attivit\u00e0 Produttive e Tempo Libero. La giornata, cui hanno preso parte tredici cantine del territorio, diverse associazioni e gli operatori del mercato [&hellip;]<\/p>\n","protected":false},"author":60,"featured_media":134769,"comment_status":"open","ping_status":"closed","sticky":false,"template":"","format":"standard","meta":{"footnotes":""},"categories":[16],"tags":[],"class_list":["post-142269","post","type-post","status-publish","format-standard","has-post-thumbnail","hentry","category-appuntamenti"],"_links":{"self":[{"href":"https:\/\/www.radioluna.it\/news\/wp-json\/wp\/v2\/posts\/142269","targetHints":{"allow":["GET"]}}],"collection":[{"href":"https:\/\/www.radioluna.it\/news\/wp-json\/wp\/v2\/posts"}],"about":[{"href":"https:\/\/www.radioluna.it\/news\/wp-json\/wp\/v2\/types\/post"}],"author":[{"embeddable":true,"href":"https:\/\/www.radioluna.it\/news\/wp-json\/wp\/v2\/users\/60"}],"replies":[{"embeddable":true,"href":"https:\/\/www.radioluna.it\/news\/wp-json\/wp\/v2\/comments?post=142269"}],"version-history":[{"count":0,"href":"https:\/\/www.radioluna.it\/news\/wp-json\/wp\/v2\/posts\/142269\/revisions"}],"wp:featuredmedia":[{"embeddable":true,"href":"https:\/\/www.radioluna.it\/news\/wp-json\/wp\/v2\/media\/134769"}],"wp:attachment":[{"href":"https:\/\/www.radioluna.it\/news\/wp-json\/wp\/v2\/media?parent=142269"}],"wp:term":[{"taxonomy":"category","embeddable":true,"href":"https:\/\/www.radioluna.it\/news\/wp-json\/wp\/v2\/categories?post=142269"},{"taxonomy":"post_tag","embeddable":true,"href":"https:\/\/www.radioluna.it\/news\/wp-json\/wp\/v2\/tags?post=142269"}],"curies":[{"name":"wp","href":"https:\/\/api.w.org\/{rel}","templated":true}]}}