{"id":142296,"date":"2013-10-15T09:17:26","date_gmt":"2013-10-15T07:17:26","guid":{"rendered":"http:\/\/www.radioluna.it\/news\/?p=142296"},"modified":"2013-10-15T09:17:26","modified_gmt":"2013-10-15T07:17:26","slug":"cacciava-nel-parco-del-velino-denunciato-bracconiere-di-latina","status":"publish","type":"post","link":"https:\/\/www.radioluna.it\/news\/2013\/10\/cacciava-nel-parco-del-velino-denunciato-bracconiere-di-latina\/","title":{"rendered":"CACCIAVA NEL PARCO DEL VELINO<BR> Denunciato bracconiere di Latina"},"content":{"rendered":"<div id=\"fb-root\"><\/div>\n<p style=\"text-align: justify;\"><a href=\"http:\/\/www.radioluna.it\/news\/wp-content\/uploads\/2010\/08\/caccia-2.jpg\"><img loading=\"lazy\" decoding=\"async\" class=\"alignleft  wp-image-11522\" alt=\"caccia-2\" src=\"http:\/\/www.radioluna.it\/news\/wp-content\/uploads\/2010\/08\/caccia-2.jpg\" width=\"360\" height=\"240\" srcset=\"https:\/\/www.radioluna.it\/news\/wp-content\/uploads\/2010\/08\/caccia-2.jpg 600w, https:\/\/www.radioluna.it\/news\/wp-content\/uploads\/2010\/08\/caccia-2-300x200.jpg 300w, https:\/\/www.radioluna.it\/news\/wp-content\/uploads\/2010\/08\/caccia-2-500x333.jpg 500w\" sizes=\"auto, (max-width: 360px) 100vw, 360px\" \/><\/a>LATINA &#8211;\u00a0Cacciavano in aree protette, due bracconieri di 32 e 35 anni di Latina e Marino sono stati bloccati e denunciati dal personale del Corpo Forestale dello Stato. I due sorpresi sul Monte Ocre, una delle aree pi\u00f9 remote del Parco Naturale Regionale Sirente-Velino,imbracciavano fucili calibro 12 e avevano al seguito di due cani Setter da caccia. Rischiano fino a sei mesi di arresto ed un&#8217;ammenda di 13.000 euro. L\u2019area in cui sono stati sorpresi \u00e8 ad elevata biodiversit\u00e0 e valore ambientale perch\u00e9 ricca di specie animali e vegetali di particolare pregio, e si trova al centro dell&#8217;area di diffusione della coturnice una specie fortemente minacciata e protetta a livello europeo dalla Direttiva comunitaria Habitat.<\/p>\n<div class=\"radio-posizionamento-telefono-in-articoli-dopo-il-contenuto-articolo radio-entity-placement\" id=\"radio-246238608\"><div id=\"radio-1400350508\"><a href=\"https:\/\/www.simeoneceramiche.com\/\" aria-label=\"SIMEONE CERAMICHE GIF animata per radioluna_Tavola disegno 1 copia 2 (online-video-cutter.com)\"><img loading=\"lazy\" decoding=\"async\" src=\"https:\/\/www.radioluna.it\/news\/wp-content\/uploads\/2025\/05\/SIMEONE-CERAMICHE-GIF-animata-per-radioluna_Tavola-disegno-1-copia-2-online-video-cutter.com_.gif\" alt=\"\"  width=\"300\" height=\"250\"   \/><\/a><\/div><\/div>","protected":false},"excerpt":{"rendered":"<p>LATINA &#8211;\u00a0Cacciavano in aree protette, due bracconieri di 32 e 35 anni di Latina e Marino sono stati bloccati e denunciati dal personale del Corpo Forestale dello Stato. I due sorpresi sul Monte Ocre, una delle aree pi\u00f9 remote del Parco Naturale Regionale Sirente-Velino,imbracciavano fucili calibro 12 e avevano al seguito di due cani Setter [&hellip;]<\/p>\n","protected":false},"author":62,"featured_media":11522,"comment_status":"open","ping_status":"closed","sticky":false,"template":"","format":"standard","meta":{"footnotes":""},"categories":[7],"tags":[],"class_list":["post-142296","post","type-post","status-publish","format-standard","has-post-thumbnail","hentry","category-cronaca"],"_links":{"self":[{"href":"https:\/\/www.radioluna.it\/news\/wp-json\/wp\/v2\/posts\/142296","targetHints":{"allow":["GET"]}}],"collection":[{"href":"https:\/\/www.radioluna.it\/news\/wp-json\/wp\/v2\/posts"}],"about":[{"href":"https:\/\/www.radioluna.it\/news\/wp-json\/wp\/v2\/types\/post"}],"author":[{"embeddable":true,"href":"https:\/\/www.radioluna.it\/news\/wp-json\/wp\/v2\/users\/62"}],"replies":[{"embeddable":true,"href":"https:\/\/www.radioluna.it\/news\/wp-json\/wp\/v2\/comments?post=142296"}],"version-history":[{"count":0,"href":"https:\/\/www.radioluna.it\/news\/wp-json\/wp\/v2\/posts\/142296\/revisions"}],"wp:featuredmedia":[{"embeddable":true,"href":"https:\/\/www.radioluna.it\/news\/wp-json\/wp\/v2\/media\/11522"}],"wp:attachment":[{"href":"https:\/\/www.radioluna.it\/news\/wp-json\/wp\/v2\/media?parent=142296"}],"wp:term":[{"taxonomy":"category","embeddable":true,"href":"https:\/\/www.radioluna.it\/news\/wp-json\/wp\/v2\/categories?post=142296"},{"taxonomy":"post_tag","embeddable":true,"href":"https:\/\/www.radioluna.it\/news\/wp-json\/wp\/v2\/tags?post=142296"}],"curies":[{"name":"wp","href":"https:\/\/api.w.org\/{rel}","templated":true}]}}