{"id":142363,"date":"2013-10-16T10:25:48","date_gmt":"2013-10-16T08:25:48","guid":{"rendered":"http:\/\/www.radioluna.it\/news\/?p=142363"},"modified":"2013-10-16T10:25:48","modified_gmt":"2013-10-16T08:25:48","slug":"vertenza-quotidiano-la-provincia-azienda-assente-altri-tre-giorni-di-sciopero","status":"publish","type":"post","link":"https:\/\/www.radioluna.it\/news\/2013\/10\/vertenza-quotidiano-la-provincia-azienda-assente-altri-tre-giorni-di-sciopero\/","title":{"rendered":"VERTENZA QUOTIDIANO LA PROVINCIA<BR> Azienda assente, altri tre giorni di sciopero"},"content":{"rendered":"<div id=\"fb-root\"><\/div>\n<p style=\"text-align: justify;\"><a href=\"http:\/\/www.radioluna.it\/news\/wp-content\/uploads\/2013\/05\/quotidiano-la-provincia-latina-679043.jpg\"><img loading=\"lazy\" decoding=\"async\" class=\"alignleft size-medium wp-image-136461\" alt=\"quotidiano-la-provincia-latina-679043\" src=\"http:\/\/www.radioluna.it\/news\/wp-content\/uploads\/2013\/05\/quotidiano-la-provincia-latina-679043-300x90.jpg\" width=\"300\" height=\"90\" srcset=\"https:\/\/www.radioluna.it\/news\/wp-content\/uploads\/2013\/05\/quotidiano-la-provincia-latina-679043-300x90.jpg 300w, https:\/\/www.radioluna.it\/news\/wp-content\/uploads\/2013\/05\/quotidiano-la-provincia-latina-679043.jpg 465w\" sizes=\"auto, (max-width: 300px) 100vw, 300px\" \/><\/a>LATINA &#8211; &#8220;L&#8217;Associazione Stampa Romana e Slc Cgil Latina e Frosinone, vista l&#8217;assoluta mancanza di risposte da parte della Effe Cooperativa, dichiarano altri tre giorni di sciopero a partire da venerd\u00ec 18 ottobre nella redazione de La Provincia Quotidiano di Latina&#8221;. Lo si legge in una nota.<\/p>\n<p style=\"text-align: justify;\">&#8220;Dall&#8217;ultimo incontro in Regione Lazio, la Effe Cooperativa continua ad essere latitante mostrandosi indifferente a tutte le proteste e richieste legittime dei lavoratori &#8211; prosegue la nota &#8211; I dipendenti di Latina (17 giornalisti e 5 poligrafici) si vedono, quindi, costretti a proseguire con altri tre giorni di sciopero nella speranza che la Effe Cooperativa si assuma le proprie responsabilit\u00e0 e faccia finalmente chiarezza sul futuro del quotidiano. Ma soprattutto provveda al pi\u00f9 presto a corrispondere ai dipendenti le cinque mensilit\u00e0 arretrate che finora non ha versato.<\/p>\n<p style=\"text-align: justify;\">I lavoratori sono esasperati dai continui rinvii e l&#8217;incertezza aumenta di volta in volta per la mancanza di progettualit\u00e0. Nel frattempo i dipendenti stanno continuando a lavorare con enormi sacrifici e professionalit\u00e0 senza avere in cambio alcuna garanzia economica da parte dall&#8217;azienda. L&#8217;Associazione Stampa romana e Slc Cgil di Latina e Frosinone in attesa di una convocazione da parte dei Prefetti di Latina e Frosinone si aspettano che\u00a0la Effe Cooperativa\u00a0ottemperi al pi\u00f9 presto a tutti gli impegni finora disattesi. Entro il 6 novembre, fra l\u2019altro, dovrebbe arrivare il pronunciamento del Tar al quale\u00a0la Effe Cooperativa\u00a0\u00e8 ricorsa contro la sospensione dei contributi del Dipartimento Editoria per il 2011&#8243;.<\/p>\n<p>&nbsp;<\/p>\n","protected":false},"excerpt":{"rendered":"<p>LATINA &#8211; &#8220;L&#8217;Associazione Stampa Romana e Slc Cgil Latina e Frosinone, vista l&#8217;assoluta mancanza di risposte da parte della Effe Cooperativa, dichiarano altri tre giorni di sciopero a partire da venerd\u00ec 18 ottobre nella redazione de La Provincia Quotidiano di Latina&#8221;. Lo si legge in una nota. &#8220;Dall&#8217;ultimo incontro in Regione Lazio, la Effe Cooperativa [&hellip;]<\/p>\n","protected":false},"author":62,"featured_media":136461,"comment_status":"open","ping_status":"closed","sticky":false,"template":"","format":"standard","meta":{"footnotes":""},"categories":[11],"tags":[],"class_list":["post-142363","post","type-post","status-publish","format-standard","has-post-thumbnail","hentry","category-economia"],"_links":{"self":[{"href":"https:\/\/www.radioluna.it\/news\/wp-json\/wp\/v2\/posts\/142363","targetHints":{"allow":["GET"]}}],"collection":[{"href":"https:\/\/www.radioluna.it\/news\/wp-json\/wp\/v2\/posts"}],"about":[{"href":"https:\/\/www.radioluna.it\/news\/wp-json\/wp\/v2\/types\/post"}],"author":[{"embeddable":true,"href":"https:\/\/www.radioluna.it\/news\/wp-json\/wp\/v2\/users\/62"}],"replies":[{"embeddable":true,"href":"https:\/\/www.radioluna.it\/news\/wp-json\/wp\/v2\/comments?post=142363"}],"version-history":[{"count":0,"href":"https:\/\/www.radioluna.it\/news\/wp-json\/wp\/v2\/posts\/142363\/revisions"}],"wp:featuredmedia":[{"embeddable":true,"href":"https:\/\/www.radioluna.it\/news\/wp-json\/wp\/v2\/media\/136461"}],"wp:attachment":[{"href":"https:\/\/www.radioluna.it\/news\/wp-json\/wp\/v2\/media?parent=142363"}],"wp:term":[{"taxonomy":"category","embeddable":true,"href":"https:\/\/www.radioluna.it\/news\/wp-json\/wp\/v2\/categories?post=142363"},{"taxonomy":"post_tag","embeddable":true,"href":"https:\/\/www.radioluna.it\/news\/wp-json\/wp\/v2\/tags?post=142363"}],"curies":[{"name":"wp","href":"https:\/\/api.w.org\/{rel}","templated":true}]}}