{"id":142419,"date":"2013-10-17T13:21:15","date_gmt":"2013-10-17T11:21:15","guid":{"rendered":"http:\/\/www.radioluna.it\/news\/?p=142419"},"modified":"2013-10-17T13:21:15","modified_gmt":"2013-10-17T11:21:15","slug":"spettacolo-a-tobiland-arrivano-i-personaggi-della-valigia-di-cartone","status":"publish","type":"post","link":"https:\/\/www.radioluna.it\/news\/2013\/10\/spettacolo-a-tobiland-arrivano-i-personaggi-della-valigia-di-cartone\/","title":{"rendered":"SPETTACOLO A TOBILAND<BR> Arrivano i personaggi della valigia di cartone"},"content":{"rendered":"<div id=\"fb-root\"><\/div>\n<p><a href=\"http:\/\/www.radioluna.it\/news\/wp-content\/uploads\/2013\/10\/18-ott-spettacolo-teatrale.jpg\"><img loading=\"lazy\" decoding=\"async\" class=\"alignleft size-medium wp-image-142420\" alt=\"18-ott-spettacolo-teatrale\" src=\"http:\/\/www.radioluna.it\/news\/wp-content\/uploads\/2013\/10\/18-ott-spettacolo-teatrale-206x300.jpg\" width=\"206\" height=\"300\" \/><\/a>LATINA &#8211;\u00a0<span style=\"font-size: medium;\">I personaggi delle fiabe della compagnia \u201cLa Valigia di Cartone\u201d tornano in scena e questa volta ad ospitarli sar\u00e0 il Parco Giochi Tobiland nella serata di venerd\u00ec prossimo, 18 ottobre.<\/span><\/p>\n<p align=\"JUSTIFY\"><span style=\"font-size: medium;\">La Fata Verdina, il Re delle Fiabe Cardillo, il maldestro Fiabolo e tanti altri personaggi come Cappuccetto Rosso, Pinocchio, la Bella Addormentata, sono tristi perch\u00e9 nessuno legge pi\u00f9 le loro storie. Il Re delle Fiabe per\u00f2 ha un\u2019idea: creare un programma televisivo affinch\u00e8 i personaggi possano essere di nuovo visti dai bambini. Tutti decidono di aiutare il re. Pinocchio diventa il conduttore del tg mettendosi al servizio della \u201cverit\u00e0\u201d nell\u2019informazione, Cappuccetto Rosso accetta di essere intervistata per raccontare i retroscena della sua favola, la Bella Addormentata diventa testimonial di una pubblicit\u00e0\u2026Ma il mondo della televisione \u00e8 ben diverso da quello delle favole e i personaggi si troveranno coinvolti in imprevisti, ritardi e innumerevoli gaffes.<\/span><\/p>\n<p align=\"JUSTIFY\"><span style=\"font-size: medium;\">In scena la compagnia \u201cLa Valigia di Cartone\u201d di Roberto D\u2019Alonzo e Valentina Pacchiele con la partecipazione di Alessio Rizzitiello, da anni attiva nel settore del teatro per bambini. <\/span><\/p>\n<p align=\"JUSTIFY\"><span style=\"font-size: medium;\">Lo spettacolo si svolger\u00e0 nel nuovo teatro del Parco Giochi Tobiland di Latina (via Magra, traversa di Via Piave), che a settembre ha inaugurato uno spazio dedicato alle performance teatrali dedicato ai bambini ma anche a genitori e insegnanti. <\/span><\/p>\n<p align=\"JUSTIFY\"><span style=\"font-size: medium;\">La serata prevede cena in pizzeria con spettacolo teatrale (dalle ore 20,00) oppure biglietto d\u2019ingresso per il dopo cena (dalle ore 21,15)<\/span><\/p>\n<p align=\"JUSTIFY\"><span style=\"font-size: medium;\">Info: 328\/9788513 oppure 0773\/662443<\/span><\/p>\n<p>&nbsp;<\/p>\n","protected":false},"excerpt":{"rendered":"<p>LATINA &#8211;\u00a0I personaggi delle fiabe della compagnia \u201cLa Valigia di Cartone\u201d tornano in scena e questa volta ad ospitarli sar\u00e0 il Parco Giochi Tobiland nella serata di venerd\u00ec prossimo, 18 ottobre. La Fata Verdina, il Re delle Fiabe Cardillo, il maldestro Fiabolo e tanti altri personaggi come Cappuccetto Rosso, Pinocchio, la Bella Addormentata, sono tristi [&hellip;]<\/p>\n","protected":false},"author":60,"featured_media":142420,"comment_status":"open","ping_status":"closed","sticky":false,"template":"","format":"standard","meta":{"footnotes":""},"categories":[16],"tags":[],"class_list":["post-142419","post","type-post","status-publish","format-standard","has-post-thumbnail","hentry","category-appuntamenti"],"_links":{"self":[{"href":"https:\/\/www.radioluna.it\/news\/wp-json\/wp\/v2\/posts\/142419","targetHints":{"allow":["GET"]}}],"collection":[{"href":"https:\/\/www.radioluna.it\/news\/wp-json\/wp\/v2\/posts"}],"about":[{"href":"https:\/\/www.radioluna.it\/news\/wp-json\/wp\/v2\/types\/post"}],"author":[{"embeddable":true,"href":"https:\/\/www.radioluna.it\/news\/wp-json\/wp\/v2\/users\/60"}],"replies":[{"embeddable":true,"href":"https:\/\/www.radioluna.it\/news\/wp-json\/wp\/v2\/comments?post=142419"}],"version-history":[{"count":0,"href":"https:\/\/www.radioluna.it\/news\/wp-json\/wp\/v2\/posts\/142419\/revisions"}],"wp:featuredmedia":[{"embeddable":true,"href":"https:\/\/www.radioluna.it\/news\/wp-json\/wp\/v2\/media\/142420"}],"wp:attachment":[{"href":"https:\/\/www.radioluna.it\/news\/wp-json\/wp\/v2\/media?parent=142419"}],"wp:term":[{"taxonomy":"category","embeddable":true,"href":"https:\/\/www.radioluna.it\/news\/wp-json\/wp\/v2\/categories?post=142419"},{"taxonomy":"post_tag","embeddable":true,"href":"https:\/\/www.radioluna.it\/news\/wp-json\/wp\/v2\/tags?post=142419"}],"curies":[{"name":"wp","href":"https:\/\/api.w.org\/{rel}","templated":true}]}}