{"id":142571,"date":"2013-10-21T18:49:34","date_gmt":"2013-10-21T16:49:34","guid":{"rendered":"http:\/\/www.radioluna.it\/news\/?p=142571"},"modified":"2013-10-21T18:49:34","modified_gmt":"2013-10-21T16:49:34","slug":"80-annidi-latina-il-sindaco-consegna-la-targa-al-presidente-del-tribunale","status":"publish","type":"post","link":"https:\/\/www.radioluna.it\/news\/2013\/10\/80-annidi-latina-il-sindaco-consegna-la-targa-al-presidente-del-tribunale\/","title":{"rendered":"80 ANNIDI LATINA<BR> Il sindaco consegna la targa al presidente del Tribunale"},"content":{"rendered":"<div id=\"fb-root\"><\/div>\n<p style=\"text-align: justify;\"><strong><a href=\"http:\/\/www.radioluna.it\/news\/wp-content\/uploads\/2013\/10\/foto9.jpg\"><img loading=\"lazy\" decoding=\"async\" class=\"alignleft size-medium wp-image-142572\" alt=\"foto\" src=\"http:\/\/www.radioluna.it\/news\/wp-content\/uploads\/2013\/10\/foto9-300x225.jpg\" width=\"300\" height=\"225\" \/><\/a>LATINA &#8211;<\/strong> Si \u00e8 svolta questa mattina, all\u2019interno del Tribunale di Latina, la cerimonia di inaugurazione della targa donata dal Comune di Latina al Tribunale in occasione delle celebrazioni per l\u201980\u00b0 anniversario della fondazione della citt\u00e0.<br \/>\nAlla presenza del presidente reggente del Tribunale, il dott. Gisuppe D\u2019Auria, il sindaco di Latina, Giovanni Di Giorgi, ha salutato i presenti, tra cui i famigliari di alcuni dei presidenti del Tribunale: Cerasoli, Paolino, Pannunzio, Velletri, Raponi e Lazzaro, a cui ha consegnato la medaglia celebrativa dell\u201980\u00b0 anniversario di fondazione:<br \/>\n\u201cE\u2019 con grande piacere \u2013 ha detto il sindaco \u2013 che a nome dell\u2019amministrazione comunale mi pregio di donare la targa che riporta i nomi di tutti i presidenti del Tribunale. E\u2019 un gesto simbolico ma che per la citt\u00e0 significa molto. Il Tribunale e il suo palazzo rappresentano, infatti, non solo un presidio di legalit\u00e0 e di civile convivenza ma anche un pezzo importante della storia della nostra giovane citt\u00e0. Qui hanno svolto la loro attivit\u00e0 professionale tanti magistrati ed avvocati che, attraverso il lavoro, il senso del dovere, l\u2019attaccamento alle istituzioni, hanno fornito un contributo essenziale alla crescita della nostra comunit\u00e0. Per questo ritengo doveroso questo gesto, la memoria \u00e8 fondamentale per la crescita delle nuove generazioni e per il rafforzamento del senso di identit\u00e0\u201d.<br \/>\nIl presidente D\u2019Auria ha ringraziato il sindaco e l\u2019intera amministrazione, testimoniando la sua gratitudine per il dono ricevuto dalla citt\u00e0.<br \/>\nLa targa \u00e8 stata apposta al primo piano, nell\u2019atrio che precede l\u2019ufficio del presidente.<\/p>\n<p>&nbsp;<\/p>\n","protected":false},"excerpt":{"rendered":"<p>LATINA &#8211; Si \u00e8 svolta questa mattina, all\u2019interno del Tribunale di Latina, la cerimonia di inaugurazione della targa donata dal Comune di Latina al Tribunale in occasione delle celebrazioni per l\u201980\u00b0 anniversario della fondazione della citt\u00e0. Alla presenza del presidente reggente del Tribunale, il dott. Gisuppe D\u2019Auria, il sindaco di Latina, Giovanni Di Giorgi, ha [&hellip;]<\/p>\n","protected":false},"author":60,"featured_media":0,"comment_status":"open","ping_status":"closed","sticky":false,"template":"","format":"standard","meta":{"footnotes":""},"categories":[8],"tags":[],"class_list":["post-142571","post","type-post","status-publish","format-standard","hentry","category-politica"],"_links":{"self":[{"href":"https:\/\/www.radioluna.it\/news\/wp-json\/wp\/v2\/posts\/142571","targetHints":{"allow":["GET"]}}],"collection":[{"href":"https:\/\/www.radioluna.it\/news\/wp-json\/wp\/v2\/posts"}],"about":[{"href":"https:\/\/www.radioluna.it\/news\/wp-json\/wp\/v2\/types\/post"}],"author":[{"embeddable":true,"href":"https:\/\/www.radioluna.it\/news\/wp-json\/wp\/v2\/users\/60"}],"replies":[{"embeddable":true,"href":"https:\/\/www.radioluna.it\/news\/wp-json\/wp\/v2\/comments?post=142571"}],"version-history":[{"count":0,"href":"https:\/\/www.radioluna.it\/news\/wp-json\/wp\/v2\/posts\/142571\/revisions"}],"wp:attachment":[{"href":"https:\/\/www.radioluna.it\/news\/wp-json\/wp\/v2\/media?parent=142571"}],"wp:term":[{"taxonomy":"category","embeddable":true,"href":"https:\/\/www.radioluna.it\/news\/wp-json\/wp\/v2\/categories?post=142571"},{"taxonomy":"post_tag","embeddable":true,"href":"https:\/\/www.radioluna.it\/news\/wp-json\/wp\/v2\/tags?post=142571"}],"curies":[{"name":"wp","href":"https:\/\/api.w.org\/{rel}","templated":true}]}}